{"id":652,"date":"2013-04-01T12:05:56","date_gmt":"2013-04-01T11:05:56","guid":{"rendered":"http:\/\/blog.esmadrid.com\/blog\/en\/?p=652"},"modified":"2013-04-01T12:23:26","modified_gmt":"2013-04-01T11:23:26","slug":"dalis-madrid","status":"publish","type":"post","link":"https:\/\/blog.esmadrid.com\/blog\/en\/2013\/04\/01\/dalis-madrid\/","title":{"rendered":"Dali&#8217;s Madrid"},"content":{"rendered":"<div id=\"attachment_1265\" style=\"width: 633px\" class=\"wp-caption aligncenter\"><a href=\"http:\/\/blog.esmadrid.com\/blog\/es\/wp-content\/uploads\/2013\/03\/daliniano-1-.jpg\" ><img aria-describedby=\"caption-attachment-1265\" loading=\"lazy\" class=\"size-full wp-image-1265\" title=\"Madrid DALIniano\" src=\"http:\/\/blog.esmadrid.com\/blog\/es\/wp-content\/uploads\/2013\/03\/daliniano-1-.jpg\" alt=\"\" width=\"623\" height=\"356\" \/><\/a><p id=\"caption-attachment-1265\" class=\"wp-caption-text\"><em>Homage to Newton<\/em> (1986) and The Great Masturbator\u00a0(1929) \u00a9 Salvador Dal\u00ed. Fundaci\u00f3 Gala-Salvador Dal\u00ed. VEGAP, Madrid, 2012.<\/p><\/div>\n<p>From 27 April to 2 September, the Reina Sof\u00eda Museum is holding a fantastic exhibition on <a href=\"http:\/\/www.esmadrid.com\/en\/cargarBuscadorAgenda.do?codigoEvento=E32253&amp;codigoLocal=1264&amp;tipo=1\" >Salvador Dal\u00ed<\/a>. That is why I&#8217;ve been asked to write a post on the adventures of this eccentric and concentric genius, as he would often describe himself, in Madrid, where he lived from 1922 to 1926.<\/p>\n<p><!--more--><\/p>\n<p>At first I thought I might make a list of all the places that you should visit to discover Dal\u00ed&#8217;s Madrid one by one, but I\u2019m realizing it\u2019s impossible &#8211; it is endless! So, I&#8217;ll start from the end. Let&#8217;s go back to 1986, when the <strong>monument to Newton<\/strong> was finally erected in Plaza de Salvador Dal\u00ed, next to the Palacio de Deportes sports arena. As the artist was seriously ill, he was not able to attend the opening ceremony but he did send a telegram to say thank you, with the closing words \u201cLong live the people of Madrid!\u201d Months before that, Mayor Enrique Tierno Galv\u00e1n had visited the artist in Torre Galatea and they got on so well that the mayor returned to Madrid with two gifts: a cane that had belonged to Victor Hugo and a monument for the city designed under Dal\u00ed&#8217;s supervision and following his sketches. According to the newspapers at the time, they talked about Ram\u00f3n G\u00f3mez de la Serna, his gathering in Caf\u00e9 del Pombo, and Federico Garc\u00eda Lorca. 60 years had gone by since Dal\u00ed left the city, but he still remembered the Twenties (the Roaring Twenties) in Madrid.<\/p>\n<p>This story begins in 1921, when, together with his sister and his father, who had been half-convinced by Professor N\u00fa\u00f1ez of his son&#8217;s talent, the artist arrived in Madrid to take the entrance exam to the <strong><a href=\"http:\/\/www.esmadrid.com\/en\/portal.do?TR=C&amp;IDR=710\"  target=\"_blank\">San Fernando Academy of Fine Arts<\/a><\/strong>. Despite not meeting the standard requirements, his drawing was so perfect that the jury passed him. What ensued was a series of disagreements between the school&#8217;s strict academic discipline and the boldness of such an avant-garde young man. Years later he wrote in <em>Diary of a Genius<\/em>: \u201cWhen I was twenty I already knew I would win the great painting prize from the Madrid Royal Academy for a painting that I would do without my brush even touching the canvas. Of course, I won the prize. The painting depicted a young nude virgin woman. I stood over a metre away from the easel and simply splashed the colours onto the canvas. Funnily enough, I didn&#8217;t stain a thing. Each splash was immaculate.\u201d Apparently, the only professor he thought he could actually learn from was one who gave lectures in a frock coat, with a black pearl on his tie, who corrected his students&#8217; works with white gloves in order not to get his hands dirty.<\/p>\n<div id=\"attachment_1268\" style=\"width: 633px\" class=\"wp-caption aligncenter\"><a href=\"http:\/\/blog.esmadrid.com\/blog\/es\/wp-content\/uploads\/2013\/04\/daliniano-2.jpg\" ><img aria-describedby=\"caption-attachment-1268\" loading=\"lazy\" class=\"size-full wp-image-1268\" title=\"Madrid Daliniano\" src=\"http:\/\/blog.esmadrid.com\/blog\/es\/wp-content\/uploads\/2013\/04\/daliniano-2.jpg\" alt=\"\" width=\"623\" height=\"356\" \/><\/a><p id=\"caption-attachment-1268\" class=\"wp-caption-text\"><em>Las Meninas<\/em> (c.1656) by Vel\u00e1zquez; Residencia de Estudiantes halls of residence<\/p><\/div>\n<p>During those years Dal\u00ed lived in the <a href=\"http:\/\/www.esmadrid.com\/en\/portal.do?IDM=51&amp;NM=3&amp;TR=C&amp;IDR=1746\" ><strong>Residencia de Estudiantes<\/strong><\/a>\u00a0hall of residence, where students from wealthy families stayed while studying in Madrid. There he met Luis Bu\u00f1uel, Federico Garc\u00eda Lorca and Pep\u00edn Bello, who described Dal\u00ed as a shy and reserved young man, and nicknamed him \u201cthe Pole\u201d. Together they used to enjoy jazz nights at the <strong>Rector&#8217;s Club of the <strong>Palace\u00a0<\/strong>Hotel<\/strong>. In <em>The Secret Life of Salvador Dal\u00ed<\/em> he describes himself as follows: \u201cI looked like an actor in disguise, with my gold top cane, a velvet jacket, long hair like a woman and sideburns that went halfway down my cheeks\u201d\u2026\u201dI hated long trousers and I decided to wear shorts with socks, and sometimes even legwarmers. A waterproof cape that almost touched the ground protected me on rainy days. Today I realise that my clothing looked amazing. People didn&#8217;t refrain from commenting on it in front of me and every time I entered or left my room, curious people would flock together to watch me walk by, with my head high\u201d. Today the Residencia de Estudiantes is an interesting cultural space aimed at promoting culture from the first thirty years of the 20th century, known as the Silver Age. It offers accommodation grants for young researchers, artists and poets.<\/p>\n<p>In Madrid, Dal\u00ed practised the pointillist, cubist and divisionist styles, and proposed a key concept in his generation &#8211; \u201cthat which is putrid\u201d &#8211; referring to pretentious, overly sentimental and grandiloquent things. He hadn&#8217;t discovered surrealism yet and his work was strongly influenced by Juan Gris, Rafael Barradas and Giorgio di Chirico. <em>Cubist Self-Portrait<\/em> (1923), from the <a href=\"http:\/\/www.esmadrid.com\/en\/reina-sofia-museum\" >Reina Sof\u00eda Museum<\/a>, and <a href=\"http:\/\/www.museothyssen.org\/en\/thyssen\/ficha_obra\/657\" onclick=\"javascript:_gaq.push(['_trackEvent','outbound-article','http:\/\/www.museothyssen.org']);\"><em>Pierrot with a Guitar<\/em><\/a>, from the <a href=\"http:\/\/www.esmadrid.com\/en\/thyssen-bornemisza-museum\" >Thyssen-Bornemisza<\/a> Collection, are very representative paintings from this era. The most Dal\u00ed-like museum in Madrid, however, does not have any of his works. In order to understand the work of this eccentric and concentric artist you need to visit the <a href=\"http:\/\/www.esmadrid.com\/en\/prado-museum\" >PradoMuseum<\/a>. Dal\u00ed, surrealist, radical, precursor of Pop Art and performance, who loved to be on television and adverts, actually aspired to be a classic. A great connoisseur of Renaissance and Baroque painting, his work is filled with hidden references to Rafael, Zurbar\u00e1n and Vermeer. Once, after showing his friend the writer Jean Cocteau the museum, journalists asked them which artwork they would save if the museum were to be destroyed by fire. Cocteau, to be provocative, said he would save the fire. Dal\u00ed, who deeply admired Velazquez, chose the air in the paintings, and especially, the air in <em>Las Meninas<\/em>.<\/p>\n<p>&nbsp;<\/p>\n","protected":false},"excerpt":{"rendered":"<p>From 27 April to 2 September, the Reina Sof\u00eda Museum is holding a fantastic exhibition on Salvador Dal\u00ed. That is why I&#8217;ve been asked to write a post on the adventures of this eccentric and concentric genius, as he would often describe himself, in Madrid, where he lived from 1922 to 1926.<\/p>\n","protected":false},"author":7,"featured_media":678,"comment_status":"open","ping_status":"open","sticky":false,"template":"","format":"standard","meta":[],"categories":[1],"tags":[37,91,25,42],"_links":{"self":[{"href":"https:\/\/blog.esmadrid.com\/blog\/en\/wp-json\/wp\/v2\/posts\/652"}],"collection":[{"href":"https:\/\/blog.esmadrid.com\/blog\/en\/wp-json\/wp\/v2\/posts"}],"about":[{"href":"https:\/\/blog.esmadrid.com\/blog\/en\/wp-json\/wp\/v2\/types\/post"}],"author":[{"embeddable":true,"href":"https:\/\/blog.esmadrid.com\/blog\/en\/wp-json\/wp\/v2\/users\/7"}],"replies":[{"embeddable":true,"href":"https:\/\/blog.esmadrid.com\/blog\/en\/wp-json\/wp\/v2\/comments?post=652"}],"version-history":[{"count":23,"href":"https:\/\/blog.esmadrid.com\/blog\/en\/wp-json\/wp\/v2\/posts\/652\/revisions"}],"predecessor-version":[{"id":668,"href":"https:\/\/blog.esmadrid.com\/blog\/en\/wp-json\/wp\/v2\/posts\/652\/revisions\/668"}],"wp:featuredmedia":[{"embeddable":true,"href":"https:\/\/blog.esmadrid.com\/blog\/en\/wp-json\/wp\/v2\/media\/678"}],"wp:attachment":[{"href":"https:\/\/blog.esmadrid.com\/blog\/en\/wp-json\/wp\/v2\/media?parent=652"}],"wp:term":[{"taxonomy":"category","embeddable":true,"href":"https:\/\/blog.esmadrid.com\/blog\/en\/wp-json\/wp\/v2\/categories?post=652"},{"taxonomy":"post_tag","embeddable":true,"href":"https:\/\/blog.esmadrid.com\/blog\/en\/wp-json\/wp\/v2\/tags?post=652"}],"curies":[{"name":"wp","href":"https:\/\/api.w.org\/{rel}","templated":true}]}}