{"id":10455,"date":"2019-02-22T13:06:00","date_gmt":"2019-02-22T12:06:00","guid":{"rendered":"https:\/\/blog.esmadrid.com\/blog\/es\/?p=10455"},"modified":"2019-02-22T13:06:00","modified_gmt":"2019-02-22T12:06:00","slug":"idomeneo-rey-de-los-refugiados","status":"publish","type":"post","link":"https:\/\/blog.esmadrid.com\/blog\/es\/2019\/02\/22\/idomeneo-rey-de-los-refugiados\/","title":{"rendered":"Idomeneo, rey de los refugiados"},"content":{"rendered":"<div id=\"attachment_10456\" style=\"width: 633px\" class=\"wp-caption aligncenter\"><img aria-describedby=\"caption-attachment-10456\" loading=\"lazy\" class=\"size-full wp-image-10456 aligncenter\" title=\"Idomeneo 1\" src=\"https:\/\/blog.esmadrid.com\/blog\/es\/wp-content\/uploads\/2019\/02\/idomeneo-1.jpg\" alt=\"\" width=\"623\" height=\"356\" srcset=\"https:\/\/blog.esmadrid.com\/blog\/es\/wp-content\/uploads\/2019\/02\/idomeneo-1.jpg 623w, https:\/\/blog.esmadrid.com\/blog\/es\/wp-content\/uploads\/2019\/02\/idomeneo-1-300x171.jpg 300w\" sizes=\"(max-width: 623px) 100vw, 623px\" \/><p id=\"caption-attachment-10456\" class=\"wp-caption-text\">Foto: Javier del Real<\/p><\/div>\n<p><strong><a href=\"https:\/\/www.esmadrid.com\/agenda\/idomeneo-re-di-creta-teatro-real\" target=\"_blank\"><em>Idomeneo<\/em><\/a><\/strong>, la \u00f3pera de <strong>Mozart<\/strong> que puede verse estos d\u00edas en el Teatro Real, es un alegato a favor de la convivencia, la paz y el amor que el director de escena <strong>Robert Carsen<\/strong> ha querido actualizar con referencias expl\u00edcitas a la tragedia migratoria de los \u00faltimos a\u00f1os en el Mediterr\u00e1neo.<\/p>\n<p><!--more--><\/p>\n<p>Se abre el tel\u00f3n y lo que vemos, aunque parezca una imagen del telediario, es una escena provocada por la m\u00edtica Guerra de Troya, relatada por Homero y por tantos otros escritores a lo largo de todos los tiempos. Los cantantes <strong>dicen Troya pero podr\u00edan decir Siria<\/strong>. Hablan de Creta pero podr\u00edan hablar de Lampedusa, Ceuta o Melilla. Aunque la cr\u00edtica disienta de cierto efectismo en el montaje, por aprovecharse de un drama humano para hacer espect\u00e1culo, lo cierto es que gracias a una extraordinaria direcci\u00f3n de arte, <em>Idomeneo<\/em> alcanza una contundencia enorme que lo aproxima a la denuncia sin renunciar a la belleza.<\/p>\n<div id=\"attachment_10457\" style=\"width: 633px\" class=\"wp-caption aligncenter\"><img aria-describedby=\"caption-attachment-10457\" loading=\"lazy\" class=\"size-full wp-image-10457\" title=\"Idomeneo 2\" src=\"https:\/\/blog.esmadrid.com\/blog\/es\/wp-content\/uploads\/2019\/02\/idomeneo-2.jpg\" alt=\"\" width=\"623\" height=\"356\" srcset=\"https:\/\/blog.esmadrid.com\/blog\/es\/wp-content\/uploads\/2019\/02\/idomeneo-2.jpg 623w, https:\/\/blog.esmadrid.com\/blog\/es\/wp-content\/uploads\/2019\/02\/idomeneo-2-300x171.jpg 300w\" sizes=\"(max-width: 623px) 100vw, 623px\" \/><p id=\"caption-attachment-10457\" class=\"wp-caption-text\">Foto: Javier del Real<\/p><\/div>\n<p>La tragedia es la del rey de Creta, Idamante, que se ve obligado por Neptuno a elegir entre la felicidad de su pueblo y la vida de su propio hijo, Idomeneo, enamorado de Ilia, princesa de Troya y por lo tanto una de los refugiados que huyen de la guerra. A partir de aqu\u00ed se van hilando una serie de recitativos, arias y coros \u2013muy emocionantes los de la segunda mitad\u2013 hasta un desenlace que ojal\u00e1 fuera el de este turbulento siglo XXI. <strong>Mozart compuso la partitura con tan s\u00f3lo 24 a\u00f1os<\/strong> para un libreto de Giambattista Varesco por encargo del pr\u00edncipe elector de Baviera, Carlos Teodoro. Seg\u00fan recordar\u00eda su viuda tras la muerte del genio este ser\u00eda en un momento muy feliz de su vida, cuando dejaba atr\u00e1s la tutela del padre y de su antiguo gran mecenas, el arzobispo de Salzburgo. Hoy se considera la primera gran \u00f3pera de Mozart.<\/p>\n<p>Cabe destacar la direcci\u00f3n musical de <strong>Ivor Bolton<\/strong> y la sobrecogedora interpretaci\u00f3n de<strong> Eleonora Buratto<\/strong>, en el papel de Elettra, que consigue emocionar al p\u00fablico haciendo tangible un desamor descrito hace m\u00e1s de doscientos a\u00f1os. Como viene siendo habitual el estreno de <em>Idomeneo<\/em>, que podr\u00e1 verse en Madrid hasta el 1 de marzo, viene acompa\u00f1ado de una serie de actividades en la Biblioteca Nacional, el Museo Arqueol\u00f3gico Nacional, el Museo L\u00e1zaro Galdiano y el British Council.<\/p>\n<p><iframe src=\"https:\/\/www.youtube.com\/embed\/vvNZi9XbI5c\" frameborder=\"0\" width=\"623\" height=\"356\"><\/iframe><\/p>\n","protected":false},"excerpt":{"rendered":"<p>Idomeneo, la \u00f3pera de Mozart que puede verse estos d\u00edas en el Teatro Real, es un alegato a favor de la convivencia, la paz y el amor que el director de escena Robert Carsen ha querido actualizar con referencias expl\u00edcitas a la tragedia migratoria de los \u00faltimos a\u00f1os en el Mediterr\u00e1neo.<\/p>\n","protected":false},"author":7,"featured_media":10458,"comment_status":"open","ping_status":"open","sticky":false,"template":"","format":"standard","meta":[],"categories":[1],"tags":[165,9,77],"_links":{"self":[{"href":"https:\/\/blog.esmadrid.com\/blog\/es\/wp-json\/wp\/v2\/posts\/10455"}],"collection":[{"href":"https:\/\/blog.esmadrid.com\/blog\/es\/wp-json\/wp\/v2\/posts"}],"about":[{"href":"https:\/\/blog.esmadrid.com\/blog\/es\/wp-json\/wp\/v2\/types\/post"}],"author":[{"embeddable":true,"href":"https:\/\/blog.esmadrid.com\/blog\/es\/wp-json\/wp\/v2\/users\/7"}],"replies":[{"embeddable":true,"href":"https:\/\/blog.esmadrid.com\/blog\/es\/wp-json\/wp\/v2\/comments?post=10455"}],"version-history":[{"count":2,"href":"https:\/\/blog.esmadrid.com\/blog\/es\/wp-json\/wp\/v2\/posts\/10455\/revisions"}],"predecessor-version":[{"id":10460,"href":"https:\/\/blog.esmadrid.com\/blog\/es\/wp-json\/wp\/v2\/posts\/10455\/revisions\/10460"}],"wp:featuredmedia":[{"embeddable":true,"href":"https:\/\/blog.esmadrid.com\/blog\/es\/wp-json\/wp\/v2\/media\/10458"}],"wp:attachment":[{"href":"https:\/\/blog.esmadrid.com\/blog\/es\/wp-json\/wp\/v2\/media?parent=10455"}],"wp:term":[{"taxonomy":"category","embeddable":true,"href":"https:\/\/blog.esmadrid.com\/blog\/es\/wp-json\/wp\/v2\/categories?post=10455"},{"taxonomy":"post_tag","embeddable":true,"href":"https:\/\/blog.esmadrid.com\/blog\/es\/wp-json\/wp\/v2\/tags?post=10455"}],"curies":[{"name":"wp","href":"https:\/\/api.w.org\/{rel}","templated":true}]}}