{"id":13104,"date":"2020-08-27T10:54:58","date_gmt":"2020-08-27T09:54:58","guid":{"rendered":"https:\/\/blog.esmadrid.com\/blog\/es\/?p=13104"},"modified":"2020-08-27T10:56:52","modified_gmt":"2020-08-27T09:56:52","slug":"lavar-marcar-y-enterrar","status":"publish","type":"post","link":"https:\/\/blog.esmadrid.com\/blog\/es\/2020\/08\/27\/lavar-marcar-y-enterrar\/","title":{"rendered":"Lavar, marcar y enterrar"},"content":{"rendered":"<p><img loading=\"lazy\" class=\"aligncenter size-full wp-image-13105\" title=\"Lavar, marcar y enterrar.\" src=\"https:\/\/blog.esmadrid.com\/blog\/es\/wp-content\/uploads\/2020\/08\/lavar-marcar-y-enterrar-.jpg\" alt=\"\" width=\"623\" height=\"356\" srcset=\"https:\/\/blog.esmadrid.com\/blog\/es\/wp-content\/uploads\/2020\/08\/lavar-marcar-y-enterrar-.jpg 623w, https:\/\/blog.esmadrid.com\/blog\/es\/wp-content\/uploads\/2020\/08\/lavar-marcar-y-enterrar--300x171.jpg 300w\" sizes=\"(max-width: 623px) 100vw, 623px\" \/><\/p>\n<p>Gracias a esta obra de teatro, la primera de una trilog\u00eda que puede verse en el orden que se quiera, la peluquer\u00eda Cortacabeza de la Corredera Baja de San Pablo se convirti\u00f3 hace seis a\u00f1os en un lugar de peregrinaci\u00f3n para el p\u00fablico que buscaba experiencias teatrales diferentes. La acci\u00f3n se desarrollaba en un escenario real y el texto, escrito y dirigido por JuanMa Pina, ten\u00eda ritmo de <em>sitcom<\/em>. Las risas estaban garantizadas. Se corri\u00f3 la voz y dos meses m\u00e1s tarde el mismo espect\u00e1culo se estrenaba en el Teatro Pr\u00edncipe Gran V\u00eda. <a href=\"https:\/\/www.esmadrid.com\/agenda\/lavar-marcar-enterrar-teatro-lara-sala-lola-membrives\" target=\"_blank\"><em>Lavar, marcar y enterrar<\/em><\/a> fue nominada a los Premios Max en la categor\u00eda de Mejor autor revelaci\u00f3n de 2015, pero su verdadero \u00e9xito es que siguen agot\u00e1ndose las entradas todos los s\u00e1bados. Este verano, el <a href=\"https:\/\/www.teatrolara.com\/\" target=\"_blank\">Teatro Lara<\/a> ha vuelto a abrir sus puertas con dos t\u00edtulos que ya son un cl\u00e1sico de la cartelera madrile\u00f1a: el que da t\u00edtulo a este post y <a href=\"https:\/\/www.esmadrid.com\/agenda\/la-llamada-teatro-lara-sala-candido-lara\" target=\"_blank\"><em>La llamada<\/em><\/a>, que lleva en cartel exactamente el mismo tiempo.<\/p>\n<p><!--more--><\/p>\n<p>Una pareja de aspirantes a polic\u00eda nacional tienen secuestrados a los peluqueros de Cortacabeza. Quieren hacer un t\u00fanel para robar m\u00e1s de 100.000 euros que seg\u00fan han podido averiguar esconden unos comerciantes chinos en el local de al lado. Esta trama que podr\u00eda recordarnos a <em>Granujas de medio pelo<\/em> de Woody Allen o a <em>Atraco a las tres<\/em> de Jos\u00e9 Mar\u00eda Forqu\u00e9 poco a poco va retratando los barrios de Chueca y Malasa\u00f1a desde los a\u00f1os 80 hasta nuestros d\u00edas. Hay algo de las primeras pel\u00edculas de Almod\u00f3var y muchas referencias a las series de televisi\u00f3n de los \u00faltimos tiempos. Entre carcajadas se habla de c\u00f3mo Madrid se transform\u00f3 en la capital gay del mundo y de c\u00f3mo despu\u00e9s llegaron las grandes operaciones inmobiliarias al centro de la ciudad. Pero lejos de ser una comedia cr\u00edtica con la realidad social <strong>es sencillamente algo mucho mejor, una comedia delirante<\/strong>.<\/p>\n<p><img loading=\"lazy\" class=\"aligncenter size-full wp-image-13106\" title=\"Lavar, marcar y enterrar. II\" src=\"https:\/\/blog.esmadrid.com\/blog\/es\/wp-content\/uploads\/2020\/08\/lavar-marcar-y-enterrar--ii-623x356.jpg\" alt=\"\" width=\"623\" height=\"356\" srcset=\"https:\/\/blog.esmadrid.com\/blog\/es\/wp-content\/uploads\/2020\/08\/lavar-marcar-y-enterrar--ii-623x356.jpg 623w, https:\/\/blog.esmadrid.com\/blog\/es\/wp-content\/uploads\/2020\/08\/lavar-marcar-y-enterrar--ii-623x356-300x171.jpg 300w\" sizes=\"(max-width: 623px) 100vw, 623px\" \/><\/p>\n<p><img loading=\"lazy\" class=\"aligncenter size-full wp-image-13107\" title=\"Lavar, marcar y enterrar. III\" src=\"https:\/\/blog.esmadrid.com\/blog\/es\/wp-content\/uploads\/2020\/08\/lavar-marcar-y-enterrar--iii.jpg\" alt=\"\" width=\"623\" height=\"356\" srcset=\"https:\/\/blog.esmadrid.com\/blog\/es\/wp-content\/uploads\/2020\/08\/lavar-marcar-y-enterrar--iii.jpg 623w, https:\/\/blog.esmadrid.com\/blog\/es\/wp-content\/uploads\/2020\/08\/lavar-marcar-y-enterrar--iii-300x171.jpg 300w\" sizes=\"(max-width: 623px) 100vw, 623px\" \/><\/p>\n<p>Los actores est\u00e1n en su salsa y han hecho tan suyos los personajes que uno creer\u00eda que al salir del Teatro Lara siguen comport\u00e1ndose as\u00ed. Sorprende por su capacidad para seducirte el mon\u00f3logo improvisado de Olga Hueso en mitad de la funci\u00f3n \u2013personaje, Gabi, que en una temporada hizo la actriz Miriam D\u00edaz Aroca\u2013. Mario Alberto D\u00edez, Rebeca Plaza y Sergio Campoy tienen una vis c\u00f3mica que conjuga lo mejor de la extravagancia del clown y de la agilidad televisiva. Aunque la mayor\u00eda de los espectadores est\u00e9n deseando volverles a ver en la precuela <em>Rulos, el origen<\/em> y en la secuela <em>No hay mejor defensa que un buen tinte<\/em>, <strong>estoy convencido de que muchos volver\u00edamos a ver ma\u00f1ana mismo <\/strong><em><strong>Lavar, marcar y enterrar<\/strong>,<\/em> porque su humor tiene la virtud de no agotarse, y es una de esas obras a las que volver.<\/p>\n<p><em>Lavar, marcar y enterrar<\/em> se estren\u00f3 cuando a\u00fan no hab\u00edamos superado los peores momentos de la crisis financiera y todav\u00eda en 2020 sigue haci\u00e9ndonos re\u00edr, tal vez porque la comedias se escriben \u2013y se disfrutan\u2013 mejor cuando m\u00e1s las necesitamos.<\/p>\n<p><img loading=\"lazy\" class=\"aligncenter size-full wp-image-13108\" title=\"Lavar, marcar y enterrar. IV\" src=\"https:\/\/blog.esmadrid.com\/blog\/es\/wp-content\/uploads\/2020\/08\/lavar-marcar-y-enterrar--iv.jpg\" alt=\"\" width=\"623\" height=\"356\" srcset=\"https:\/\/blog.esmadrid.com\/blog\/es\/wp-content\/uploads\/2020\/08\/lavar-marcar-y-enterrar--iv.jpg 623w, https:\/\/blog.esmadrid.com\/blog\/es\/wp-content\/uploads\/2020\/08\/lavar-marcar-y-enterrar--iv-300x171.jpg 300w\" sizes=\"(max-width: 623px) 100vw, 623px\" \/><\/p>\n","protected":false},"excerpt":{"rendered":"<p>Gracias a esta obra de teatro, la primera de una trilog\u00eda que puede verse en el orden que se quiera, la peluquer\u00eda Cortacabeza de la Corredera Baja de San Pablo se convirti\u00f3 hace seis a\u00f1os en un lugar de peregrinaci\u00f3n para el p\u00fablico que buscaba experiencias teatrales diferentes. La acci\u00f3n se desarrollaba en un escenario [&hellip;]<\/p>\n","protected":false},"author":7,"featured_media":13109,"comment_status":"closed","ping_status":"closed","sticky":false,"template":"","format":"standard","meta":[],"categories":[1,5],"tags":[9,77],"_links":{"self":[{"href":"https:\/\/blog.esmadrid.com\/blog\/es\/wp-json\/wp\/v2\/posts\/13104"}],"collection":[{"href":"https:\/\/blog.esmadrid.com\/blog\/es\/wp-json\/wp\/v2\/posts"}],"about":[{"href":"https:\/\/blog.esmadrid.com\/blog\/es\/wp-json\/wp\/v2\/types\/post"}],"author":[{"embeddable":true,"href":"https:\/\/blog.esmadrid.com\/blog\/es\/wp-json\/wp\/v2\/users\/7"}],"replies":[{"embeddable":true,"href":"https:\/\/blog.esmadrid.com\/blog\/es\/wp-json\/wp\/v2\/comments?post=13104"}],"version-history":[{"count":3,"href":"https:\/\/blog.esmadrid.com\/blog\/es\/wp-json\/wp\/v2\/posts\/13104\/revisions"}],"predecessor-version":[{"id":13111,"href":"https:\/\/blog.esmadrid.com\/blog\/es\/wp-json\/wp\/v2\/posts\/13104\/revisions\/13111"}],"wp:featuredmedia":[{"embeddable":true,"href":"https:\/\/blog.esmadrid.com\/blog\/es\/wp-json\/wp\/v2\/media\/13109"}],"wp:attachment":[{"href":"https:\/\/blog.esmadrid.com\/blog\/es\/wp-json\/wp\/v2\/media?parent=13104"}],"wp:term":[{"taxonomy":"category","embeddable":true,"href":"https:\/\/blog.esmadrid.com\/blog\/es\/wp-json\/wp\/v2\/categories?post=13104"},{"taxonomy":"post_tag","embeddable":true,"href":"https:\/\/blog.esmadrid.com\/blog\/es\/wp-json\/wp\/v2\/tags?post=13104"}],"curies":[{"name":"wp","href":"https:\/\/api.w.org\/{rel}","templated":true}]}}