{"id":13114,"date":"2020-09-15T10:37:03","date_gmt":"2020-09-15T09:37:03","guid":{"rendered":"https:\/\/blog.esmadrid.com\/blog\/es\/?p=13114"},"modified":"2020-09-17T09:51:32","modified_gmt":"2020-09-17T08:51:32","slug":"mascarillas-de-diseno","status":"publish","type":"post","link":"https:\/\/blog.esmadrid.com\/blog\/es\/2020\/09\/15\/mascarillas-de-diseno\/","title":{"rendered":"Mascarillas de dise\u00f1o"},"content":{"rendered":"<div id=\"attachment_13150\" style=\"width: 633px\" class=\"wp-caption alignnone\"><img aria-describedby=\"caption-attachment-13150\" loading=\"lazy\" class=\"size-full wp-image-13150 \" title=\"Con sedas te\u00f1idas con tintes bot\u00e1nicos. As\u00ed son las mascarillas de Aletheia.\" src=\"https:\/\/blog.esmadrid.com\/blog\/es\/wp-content\/uploads\/2020\/09\/mascarillas_tonos1.jpg\" alt=\"Con sedas te\u00f1idas con tintes bot\u00e1nicos. As\u00ed son las mascarillas de Aletheia.\" width=\"623\" height=\"356\" srcset=\"https:\/\/blog.esmadrid.com\/blog\/es\/wp-content\/uploads\/2020\/09\/mascarillas_tonos1.jpg 623w, https:\/\/blog.esmadrid.com\/blog\/es\/wp-content\/uploads\/2020\/09\/mascarillas_tonos1-300x171.jpg 300w\" sizes=\"(max-width: 623px) 100vw, 623px\" \/><p id=\"caption-attachment-13150\" class=\"wp-caption-text\">Con sedas te\u00f1idas con tintes bot\u00e1nicos. As\u00ed son las mascarillas de Aletheia.<\/p><\/div>\n<p><strong>Numerosos talleres artesanos y tiendas de Madrid<\/strong> han a\u00f1adido a sus propuestas este nuevo complemento, indispensable ahora en nuestras vidas por motivos de salud. Aqu\u00ed tienes muchos modelos para elegir.<!--more--><\/p>\n<p><a href=\"peseta.org\" target=\"_blank\"><strong><img loading=\"lazy\" class=\"alignnone size-full wp-image-13120\" title=\"\" src=\"https:\/\/blog.esmadrid.com\/blog\/es\/wp-content\/uploads\/2020\/09\/w-peseta-mascarilla-de-tela-dripping1-2-copia1.jpg\" alt=\"\" width=\"623\" height=\"356\" srcset=\"https:\/\/blog.esmadrid.com\/blog\/es\/wp-content\/uploads\/2020\/09\/w-peseta-mascarilla-de-tela-dripping1-2-copia1.jpg 623w, https:\/\/blog.esmadrid.com\/blog\/es\/wp-content\/uploads\/2020\/09\/w-peseta-mascarilla-de-tela-dripping1-2-copia1-300x171.jpg 300w\" sizes=\"(max-width: 623px) 100vw, 623px\" \/><\/strong><\/a><\/p>\n<p><a href=\"https:\/\/peseta.org\" target=\"_blank\"><strong>PESETA<\/strong><\/a><br \/>\nHuertas, 37<br \/>\nMetro: ANT\u00d3N MART\u00cdN<br \/>\nHacer ropa que sea bonita por fuera, y tambi\u00e9n por dentro, es una de las premisas de esta firma madrile\u00f1a, a la que le gusta <strong>hacer las cosas con alegr\u00eda<\/strong>. Malgastar tiempo, materiales o energ\u00eda para Peseta es \u201cun baj\u00f3n\u201d. As\u00ed que con las muchas <strong>telas estampadas<\/strong> con las que realizan bolsos y otros complementos hacen ahora mascarillas higi\u00e9nicas de forma artesanal. Hay muchos modelos: <strong>con mapas, topos de colores y originales motivos, desde ardillas hasta helados,<\/strong> que van cambiando. La capa exterior es de algod\u00f3n y poli\u00e9ster y por dentro va reforzada con un material ligero que le da la forma. Lleva, adem\u00e1s, dos capas en el interior, de algod\u00f3n 100%, para que el bolsillo del filtro quede perfectamente rematado y no se deshilache con los lavados. En la tienda venden los filtros, homologados y de un solo uso, a partir de septiembre. \u00a1Y tambi\u00e9n fundas para guardarlas!<\/p>\n<p><strong><a href=\"tetecafecostura.com\" target=\"_blank\"><img loading=\"lazy\" class=\"alignnone size-full wp-image-13123\" title=\"\" src=\"https:\/\/blog.esmadrid.com\/blog\/es\/wp-content\/uploads\/2020\/09\/venta-mascarilla-flores-fondo-negro--tet-caf-costura.jpg\" alt=\"\" width=\"623\" height=\"356\" srcset=\"https:\/\/blog.esmadrid.com\/blog\/es\/wp-content\/uploads\/2020\/09\/venta-mascarilla-flores-fondo-negro--tet-caf-costura.jpg 623w, https:\/\/blog.esmadrid.com\/blog\/es\/wp-content\/uploads\/2020\/09\/venta-mascarilla-flores-fondo-negro--tet-caf-costura-300x171.jpg 300w\" sizes=\"(max-width: 623px) 100vw, 623px\" \/><\/a><\/strong><\/p>\n<p><strong><a href=\"https:\/\/www.tetecafecostura.com\" target=\"_blank\">TET\u00c9 CAF\u00c9 COSTURA<\/a><\/strong><br \/>\nSan Pedro, 7<br \/>\nMetro: ANT\u00d3N MART\u00cdN<br \/>\nEn este original taller de costura, ideado por Teresa Barrera, les gusta compartir todo aquello que saben hacer. Y, por eso, ofrecen cursos cada mes <strong>para que cada cual aprenda a hacer sus propias mascarillas en casa<\/strong>. Para los menos h\u00e1biles, tambi\u00e9n las venden. Algunas est\u00e1n realizadas con<strong> telas japonesas<\/strong> de importaci\u00f3n, a la venta en la tienda, cien por cien de algod\u00f3n, con dos capas, muy suaves. Tambi\u00e9n tienen kits <em>Drive Car<\/em>, con <strong>pajaritas<\/strong> a juego.<\/p>\n<p><a href=\"lacasitadewendy.com\" target=\"_blank\"><strong><img loading=\"lazy\" class=\"alignnone size-full wp-image-13124\" title=\"\" src=\"https:\/\/blog.esmadrid.com\/blog\/es\/wp-content\/uploads\/2020\/09\/mg_4625-copia.jpg\" alt=\"\" width=\"623\" height=\"356\" srcset=\"https:\/\/blog.esmadrid.com\/blog\/es\/wp-content\/uploads\/2020\/09\/mg_4625-copia.jpg 623w, https:\/\/blog.esmadrid.com\/blog\/es\/wp-content\/uploads\/2020\/09\/mg_4625-copia-300x171.jpg 300w\" sizes=\"(max-width: 623px) 100vw, 623px\" \/><\/strong><\/a><\/p>\n<p><a href=\"https:\/\/www.lacasitadewendy.com\" target=\"_blank\"><strong>LA CASITA DE WENDY<\/strong><\/a><br \/>\n<strong>La sostenibilidad como mandato<\/strong>, la artesan\u00eda como tecnolog\u00eda y las personas como prioridad. Son tres de los pilares sobre los que se sustenta esta <strong>alegre y colorista<\/strong> firma de moda madrile\u00f1a que tambi\u00e9n apuesta por las mascarillas. \u201cYa que tenemos que llevar este accesorio durante un tiempo intentemos que sea <strong>ecol\u00f3gico<\/strong> y bonito para animarnos un poco el d\u00eda a d\u00eda\u201d, nos comentan. Las suyas son de <strong>algod\u00f3n org\u00e1nico<\/strong> s\u00faper suave con doble capa y bolsillo para filtro, reutilizables y lavables. Las tienen estampadas, lisas de gasa muy transpirable y bordadas.<\/p>\n<p><a href=\"duartemadrid.com\" target=\"_blank\"><strong><img loading=\"lazy\" class=\"alignnone size-full wp-image-13125\" title=\"\" src=\"https:\/\/blog.esmadrid.com\/blog\/es\/wp-content\/uploads\/2020\/09\/0138_2020_accesorie3_b.jpg\" alt=\"\" width=\"623\" height=\"356\" srcset=\"https:\/\/blog.esmadrid.com\/blog\/es\/wp-content\/uploads\/2020\/09\/0138_2020_accesorie3_b.jpg 623w, https:\/\/blog.esmadrid.com\/blog\/es\/wp-content\/uploads\/2020\/09\/0138_2020_accesorie3_b-300x171.jpg 300w\" sizes=\"(max-width: 623px) 100vw, 623px\" \/><\/strong><\/a><\/p>\n<p><a href=\"https:\/\/www.duartemadrid.com\/\" target=\"_blank\"><strong>DUARTE<\/strong><\/a><br \/>\nSan Gregorio, 5<br \/>\nMetro: CHUECA<br \/>\nDuarte es una firma fundada en 2016 en Madrid, que cuenta con Kiko Font como director creativo. En su cat\u00e1logo, para hombre y mujer, encontramos <strong>elegantes mascarillas fabricadas con algod\u00f3n org\u00e1nico y tejidos reciclados<\/strong>, que combinan a la perfecci\u00f3n con cualquier <em>look<\/em>. Con triple capa interna, est\u00e1n disponibles en cuatro colores: <strong>rosa, verde, negro y blanco.<\/strong><\/p>\n<p><strong><a href=\"eturel.com\" target=\"_blank\"><img loading=\"lazy\" class=\"alignnone size-full wp-image-13127\" title=\"\" src=\"https:\/\/blog.esmadrid.com\/blog\/es\/wp-content\/uploads\/2020\/09\/eturel-mascarilla-1.jpg\" alt=\"\" width=\"623\" height=\"356\" srcset=\"https:\/\/blog.esmadrid.com\/blog\/es\/wp-content\/uploads\/2020\/09\/eturel-mascarilla-1.jpg 623w, https:\/\/blog.esmadrid.com\/blog\/es\/wp-content\/uploads\/2020\/09\/eturel-mascarilla-1-300x171.jpg 300w\" sizes=\"(max-width: 623px) 100vw, 623px\" \/><\/a><\/strong><\/p>\n<p><strong><a href=\"https:\/\/eturel.com\/\" target=\"_blank\">ETUREL<\/a><\/strong><br \/>\nRuda, 8<br \/>\nMetro: LA LATINA<br \/>\n<strong>Arpillera, alpujarra y loneta<\/strong> son la materia prima con la que trabaja Eduardo para dar vida a cojines, manteles, bolsos y muchos otros objetos, inspirados todos en el <strong>mundo rural<\/strong>. Sus clientes le ped\u00edan mascarillas de esos mismos materiales, y en ello est\u00e1. Aqu\u00ed las hacen a mano y <strong>se cortan de una en una<\/strong> porque \u201cson de rayas y es obligatorio que queden bien\u201d. Como los tejidos son gruesos son perfectas para el invierno.<\/p>\n<p><a href=\"atelier-aletheia.com\" target=\"_blank\"><strong><img loading=\"lazy\" class=\"alignnone size-full wp-image-13128\" title=\"\" src=\"https:\/\/blog.esmadrid.com\/blog\/es\/wp-content\/uploads\/2020\/09\/mascarilla_08b_azul_indigo.jpg\" alt=\"\" width=\"623\" height=\"356\" srcset=\"https:\/\/blog.esmadrid.com\/blog\/es\/wp-content\/uploads\/2020\/09\/mascarilla_08b_azul_indigo.jpg 623w, https:\/\/blog.esmadrid.com\/blog\/es\/wp-content\/uploads\/2020\/09\/mascarilla_08b_azul_indigo-300x171.jpg 300w\" sizes=\"(max-width: 623px) 100vw, 623px\" \/><\/strong><\/a><\/p>\n<p><a href=\"https:\/\/atelier-aletheia.com\/\" target=\"_blank\"><strong>ALETHEIA<\/strong><\/a><br \/>\nAletheia es una marca de ropa hecha de forma artesanal que responde\u00a0a una econom\u00eda circular donde no se generan residuos textiles. Sus mascarillas est\u00e1n hechas una a una: la parte exterior, con <strong>seda te\u00f1ida con tintes bot\u00e1nicos<\/strong>, y la interior, con <strong>tres capas de algod\u00f3n<\/strong> sanitario. A cada una le a\u00f1aden unas gotitas de aceite esencial con sello CPTG que apoya la salud del sistema inmunitario.<strong> Las hay de 30 colores.<\/strong><\/p>\n<p><a href=\"mapsandcrafts.com\" target=\"_blank\"><strong><img loading=\"lazy\" class=\"alignnone size-full wp-image-13129\" title=\"\" src=\"https:\/\/blog.esmadrid.com\/blog\/es\/wp-content\/uploads\/2020\/09\/foto-3.jpg\" alt=\"\" width=\"623\" height=\"356\" srcset=\"https:\/\/blog.esmadrid.com\/blog\/es\/wp-content\/uploads\/2020\/09\/foto-3.jpg 623w, https:\/\/blog.esmadrid.com\/blog\/es\/wp-content\/uploads\/2020\/09\/foto-3-300x171.jpg 300w\" sizes=\"(max-width: 623px) 100vw, 623px\" \/><\/strong><\/a><\/p>\n<p><a href=\"https:\/\/www.mapsandcrafts.com\/\" target=\"_blank\"><strong>MAPS &amp; CRAFTS<\/strong><\/a><br \/>\nLos mapas son la pasi\u00f3n de Marta y Miguel \u00c1ngel, profesionales de la Geom\u00e1tica,\u00a0 que,\u00a0 tras realizar formaci\u00f3n en costura, encuadernaci\u00f3n y restauraci\u00f3n de madera y papel antiguo, aplican todo lo que saben para crear objetos \u00fanicos, ya sean pa\u00f1uelos, abanicos, mochilas\u2026 y, tambi\u00e9n, mascarillas. <strong>Cartogr\u00e1ficas, por supuesto.<\/strong> Para la capa intermedia y la capa interior utilizan filtros y tela de algod\u00f3n cien por cien hidr\u00f3fugo, antibacteriano y transpirable. Los clientes pueden elegir <strong>entre m\u00e1s de 50 telas<\/strong> y personalizar su mascarillas con el bordado que deseen.<\/p>\n<p><a href=\"verbenamadrid.com\" target=\"_blank\"><strong><img loading=\"lazy\" class=\"alignnone size-full wp-image-13130\" title=\"\" src=\"https:\/\/blog.esmadrid.com\/blog\/es\/wp-content\/uploads\/2020\/09\/0159_2020_accesories3_b.jpg\" alt=\"\" width=\"623\" height=\"356\" srcset=\"https:\/\/blog.esmadrid.com\/blog\/es\/wp-content\/uploads\/2020\/09\/0159_2020_accesories3_b.jpg 623w, https:\/\/blog.esmadrid.com\/blog\/es\/wp-content\/uploads\/2020\/09\/0159_2020_accesories3_b-300x171.jpg 300w\" sizes=\"(max-width: 623px) 100vw, 623px\" \/><\/strong><\/a><\/p>\n<p><a href=\"https:\/\/verbenamadrid.com\" target=\"_blank\"><strong>VERBENA MADRID<\/strong><\/a><br \/>\nUn metro por metro y medio de tejido de algod\u00f3n 100% con acabado r\u00fastico sirve como lienzo en blanco para comenzar a crear sus mascarillas. Sobre el tejido beige se van dibujando los trazos de las bordadoras. Su <strong>experiencia y creatividad<\/strong> materializan diferentes constelaciones de recuerdos para esta colecci\u00f3n tan especial, llamada <em><strong>Cicatrices<\/strong><\/em>. Las hay de dos tipos: rectas y de pico. \u00bfEl dibujo? Cada una es diferente as\u00ed que\u2026 \u00a1sorpresa!<\/p>\n<p><a href=\"latiendademamahafrica.com\" target=\"_blank\"><strong><img loading=\"lazy\" class=\"alignnone size-full wp-image-13131\" title=\"\" src=\"https:\/\/blog.esmadrid.com\/blog\/es\/wp-content\/uploads\/2020\/09\/xmascarilla2.jpg\" alt=\"\" width=\"623\" height=\"356\" srcset=\"https:\/\/blog.esmadrid.com\/blog\/es\/wp-content\/uploads\/2020\/09\/xmascarilla2.jpg 623w, https:\/\/blog.esmadrid.com\/blog\/es\/wp-content\/uploads\/2020\/09\/xmascarilla2-300x171.jpg 300w\" sizes=\"(max-width: 623px) 100vw, 623px\" \/><\/strong><\/a><\/p>\n<p><a href=\"https:\/\/www.latiendademamahafrica.com\" target=\"_blank\"><strong>MAMAH AFRICA<\/strong><\/a><br \/>\nConde Duque, 48<br \/>\nMetro: SAN BERNARDO<br \/>\nLas hermanas Maica y Laura de la Carrera llevan veinte a\u00f1os especializadas en el <strong>textil africano<\/strong>, una como dise\u00f1adora de moda y otra como historiadora. Para ellas lo m\u00e1s importante es reivindicar la cultura del continente a trav\u00e9s del tejido. Por eso suman ahora a sus propuestas mascarillas de lo m\u00e1s originales. Tienen diferentes series (Or\u00edgenes, Malib\u00fa, Bolog\u00e1n), pero lo m\u00e1s demandado es su <em>pack<\/em> familiar, compuesto por cuatro mascarillas realizadas con tejido wax, tela de algod\u00f3n de buena calidad, con c<strong>olores y estampados vibrantes.<\/strong><\/p>\n<p><a href=\"\u2028ladycacahuete.com\u2028\" target=\"_blank\"><strong><img loading=\"lazy\" class=\"alignnone size-full wp-image-13134\" title=\"\" src=\"https:\/\/blog.esmadrid.com\/blog\/es\/wp-content\/uploads\/2020\/09\/42.jpg\" alt=\"\" width=\"623\" height=\"356\" srcset=\"https:\/\/blog.esmadrid.com\/blog\/es\/wp-content\/uploads\/2020\/09\/42.jpg 623w, https:\/\/blog.esmadrid.com\/blog\/es\/wp-content\/uploads\/2020\/09\/42-300x171.jpg 300w\" sizes=\"(max-width: 623px) 100vw, 623px\" \/><\/strong><\/a><\/p>\n<p><a href=\"https:\/\/www.ladycacahuete.com\" target=\"_blank\"><strong>LADY CACAHUETE<\/strong><\/a><br \/>\nCorredera Baja de San Pablo, 26<br \/>\nMetro: TRIBUNAL<br \/>\nHasta 22 modelos distintos se pueden encontrar en esta <strong>tienda-taller<\/strong> que \u2028confecciona vestidos para chicas de hoy en d\u00eda inspirados en el <strong>universo <em>fifties<\/em><\/strong>, el Rockabilly y la edad dorada de la publicidad en Madison Avenue. Las tienen con estampados tropicales, con dibujos de dinosaurios y hasta con caritas de gato.<\/p>\n<div id=\"attachment_13133\" style=\"width: 633px\" class=\"wp-caption alignnone\"><img aria-describedby=\"caption-attachment-13133\" loading=\"lazy\" class=\"size-full wp-image-13133\" title=\"Foto: \u00c1lvaro L\u00f3pez del Cerro\" src=\"https:\/\/blog.esmadrid.com\/blog\/es\/wp-content\/uploads\/2020\/09\/00a0005.jpg\" alt=\"Foto: \u00c1lvaro L\u00f3pez del Cerro\" width=\"623\" height=\"356\" srcset=\"https:\/\/blog.esmadrid.com\/blog\/es\/wp-content\/uploads\/2020\/09\/00a0005.jpg 623w, https:\/\/blog.esmadrid.com\/blog\/es\/wp-content\/uploads\/2020\/09\/00a0005-300x171.jpg 300w\" sizes=\"(max-width: 623px) 100vw, 623px\" \/><p id=\"caption-attachment-13133\" class=\"wp-caption-text\">Foto: \u00c1lvaro L\u00f3pez del Cerro<\/p><\/div>\n<p><a href=\"https:\/\/www.esmadrid.com\/compras\/tienda-casa-de-la-panaderia\" target=\"_blank\"><strong>TIENDA CASA DE LA PANADER\u00cdA<\/strong><\/a><\/p>\n<p>Plaza Mayor, 27<br \/>\nMetro: \u00d3PERA \/ SOL<br \/>\nLa tienda del Centro de Turismo Plaza Mayor es todo un homenaje a los artesanos de Madrid. En ella puedes conseguir <strong>las mascarillas m\u00e1s castizas, de chulapa y de chulapo,<\/strong> con lunares rojos para ella y al m\u00e1s puro estilo de una parpusa para \u00e9l. Est\u00e1n hechas con material transpirable, hidr\u00f3fugo y antibacteriano y aguantan como m\u00ednimo 25 lavados.<\/p>\n<p><strong>TAMBI\u00c9N EN LOS MUSEOS<\/strong><\/p>\n<div id=\"attachment_13136\" style=\"width: 633px\" class=\"wp-caption alignnone\"><img aria-describedby=\"caption-attachment-13136\" loading=\"lazy\" class=\"size-full wp-image-13136\" title=\"Museo del Prado\" src=\"https:\/\/blog.esmadrid.com\/blog\/es\/wp-content\/uploads\/2020\/09\/producto_mndp_t_julio_2020_40.jpg\" alt=\"Museo del Prado\" width=\"623\" height=\"356\" srcset=\"https:\/\/blog.esmadrid.com\/blog\/es\/wp-content\/uploads\/2020\/09\/producto_mndp_t_julio_2020_40.jpg 623w, https:\/\/blog.esmadrid.com\/blog\/es\/wp-content\/uploads\/2020\/09\/producto_mndp_t_julio_2020_40-300x171.jpg 300w\" sizes=\"(max-width: 623px) 100vw, 623px\" \/><p id=\"caption-attachment-13136\" class=\"wp-caption-text\">Museo del Prado<\/p><\/div>\n<p>Algunos de nuestros museos tambi\u00e9n tienen disponibles en sus tiendas mascarillas, en este caso inspiradas en algunas de las obras m\u00e1s famosas que se pueden ver en ellos. Es el caso del <a href=\"https:\/\/www.tiendaprado.com\/es\/accesorios\/10276-mascarilla-adulto-verde-8435414636699.html\" target=\"_blank\"><strong>Museo del Prado<\/strong><\/a>, que las vende con motivos, vegetales y on\u00edricos, rescatados de <em>El jard\u00edn de las Delicias<\/em>, de El Bosco.<\/p>\n<div id=\"attachment_13137\" style=\"width: 633px\" class=\"wp-caption alignnone\"><img aria-describedby=\"caption-attachment-13137\" loading=\"lazy\" class=\"size-full wp-image-13137\" title=\"Museo Reina Sof\u00eda\" src=\"https:\/\/blog.esmadrid.com\/blog\/es\/wp-content\/uploads\/2020\/09\/mascjuan-grisreinasofia.jpg\" alt=\"Museo Reina Sof\u00eda\" width=\"623\" height=\"356\" srcset=\"https:\/\/blog.esmadrid.com\/blog\/es\/wp-content\/uploads\/2020\/09\/mascjuan-grisreinasofia.jpg 623w, https:\/\/blog.esmadrid.com\/blog\/es\/wp-content\/uploads\/2020\/09\/mascjuan-grisreinasofia-300x171.jpg 300w\" sizes=\"(max-width: 623px) 100vw, 623px\" \/><p id=\"caption-attachment-13137\" class=\"wp-caption-text\">Museo Reina Sof\u00eda<\/p><\/div>\n<p>El <a href=\"http:\/\/tienda.museoreinasofia.es\/catalogsearch\/result\/?q=mascarilla\" target=\"_blank\"><strong>Museo Reina Sof\u00eda<\/strong><\/a> cuenta con varios modelos, entre ellos, una que reproduce elementos del cuadro <em>La fen\u00eatre ouverte (La ventana abierta)<\/em> del pintor cubista Juan Gris.<\/p>\n<div id=\"attachment_13138\" style=\"width: 633px\" class=\"wp-caption alignnone\"><img aria-describedby=\"caption-attachment-13138\" loading=\"lazy\" class=\"size-full wp-image-13138\" title=\"Museo Sorolla\" src=\"https:\/\/blog.esmadrid.com\/blog\/es\/wp-content\/uploads\/2020\/09\/sorolla2.jpg\" alt=\"Museo Sorolla\" width=\"623\" height=\"356\" srcset=\"https:\/\/blog.esmadrid.com\/blog\/es\/wp-content\/uploads\/2020\/09\/sorolla2.jpg 623w, https:\/\/blog.esmadrid.com\/blog\/es\/wp-content\/uploads\/2020\/09\/sorolla2-300x171.jpg 300w\" sizes=\"(max-width: 623px) 100vw, 623px\" \/><p id=\"caption-attachment-13138\" class=\"wp-caption-text\">Museo Sorolla<\/p><\/div>\n<p>El<a href=\"https:\/\/www.tiendamuseosorolla.com\/tienda\/textil\/mascarillas\/\" target=\"_blank\"><strong> Museo Sorolla<\/strong><\/a> utiliza detalles de obras del pintor valenciano como <em>Lirios<\/em>, <em>El Balandrito<\/em> o <em>Paseo a orillas del mar<\/em>, y el <a href=\"https:\/\/www.tiendaman.com\/tienda\/textil\/mascarillas\/\" target=\"_blank\"><strong>Museo Arqueol\u00f3gico Nacional<\/strong>,<\/a> de un mosaico de la villa romana de Ramalete y del sarc\u00f3fago egipcio de Taremetchenbastet, adem\u00e1s de otras que representan algunos de los bisontes de las Cuevas de Altamira y a la Dama de Elche.<\/p>\n<div id=\"attachment_13139\" style=\"width: 633px\" class=\"wp-caption alignnone\"><img aria-describedby=\"caption-attachment-13139\" loading=\"lazy\" class=\"size-full wp-image-13139\" title=\"Museo Arqueol\u00f3gico Nacional\" src=\"https:\/\/blog.esmadrid.com\/blog\/es\/wp-content\/uploads\/2020\/09\/man3.jpg\" alt=\"Museo Arqueol\u00f3gico Nacional\" width=\"623\" height=\"356\" srcset=\"https:\/\/blog.esmadrid.com\/blog\/es\/wp-content\/uploads\/2020\/09\/man3.jpg 623w, https:\/\/blog.esmadrid.com\/blog\/es\/wp-content\/uploads\/2020\/09\/man3-300x171.jpg 300w\" sizes=\"(max-width: 623px) 100vw, 623px\" \/><p id=\"caption-attachment-13139\" class=\"wp-caption-text\">Museo Arqueol\u00f3gico Nacional<\/p><\/div>\n<p>Mark Rothko, Mondrian, Renoir y Klee, entre otros\u00a0grandes maestros, pintan las mascarillas del <a href=\"https:\/\/tienda.museothyssen.org\/es\/catalogsearch\/result\/?q=mascarilla\" target=\"_blank\"><strong>Museo Thyssen-Bornemisza<\/strong><\/a>.<\/p>\n<div id=\"attachment_13140\" style=\"width: 633px\" class=\"wp-caption alignnone\"><img aria-describedby=\"caption-attachment-13140\" loading=\"lazy\" class=\"size-full wp-image-13140\" title=\"Museo Thyssen-Bornemisza\" src=\"https:\/\/blog.esmadrid.com\/blog\/es\/wp-content\/uploads\/2020\/09\/tx01558-mascarilla-composicion-mondrian.jpg\" alt=\"Museo Thyssen-Bornemisza\" width=\"623\" height=\"356\" srcset=\"https:\/\/blog.esmadrid.com\/blog\/es\/wp-content\/uploads\/2020\/09\/tx01558-mascarilla-composicion-mondrian.jpg 623w, https:\/\/blog.esmadrid.com\/blog\/es\/wp-content\/uploads\/2020\/09\/tx01558-mascarilla-composicion-mondrian-300x171.jpg 300w\" sizes=\"(max-width: 623px) 100vw, 623px\" \/><p id=\"caption-attachment-13140\" class=\"wp-caption-text\">Museo Thyssen-Bornemisza<\/p><\/div>\n<p>&nbsp;<\/p>\n","protected":false},"excerpt":{"rendered":"<p>Numerosos talleres artesanos y tiendas de Madrid han a\u00f1adido a sus propuestas este nuevo complemento, indispensable ahora en nuestras vidas por motivos de salud. Aqu\u00ed tienes muchos modelos para elegir.<\/p>\n","protected":false},"author":6,"featured_media":13143,"comment_status":"closed","ping_status":"closed","sticky":false,"template":"","format":"standard","meta":[],"categories":[4],"tags":[966,688,965],"_links":{"self":[{"href":"https:\/\/blog.esmadrid.com\/blog\/es\/wp-json\/wp\/v2\/posts\/13114"}],"collection":[{"href":"https:\/\/blog.esmadrid.com\/blog\/es\/wp-json\/wp\/v2\/posts"}],"about":[{"href":"https:\/\/blog.esmadrid.com\/blog\/es\/wp-json\/wp\/v2\/types\/post"}],"author":[{"embeddable":true,"href":"https:\/\/blog.esmadrid.com\/blog\/es\/wp-json\/wp\/v2\/users\/6"}],"replies":[{"embeddable":true,"href":"https:\/\/blog.esmadrid.com\/blog\/es\/wp-json\/wp\/v2\/comments?post=13114"}],"version-history":[{"count":24,"href":"https:\/\/blog.esmadrid.com\/blog\/es\/wp-json\/wp\/v2\/posts\/13114\/revisions"}],"predecessor-version":[{"id":13158,"href":"https:\/\/blog.esmadrid.com\/blog\/es\/wp-json\/wp\/v2\/posts\/13114\/revisions\/13158"}],"wp:featuredmedia":[{"embeddable":true,"href":"https:\/\/blog.esmadrid.com\/blog\/es\/wp-json\/wp\/v2\/media\/13143"}],"wp:attachment":[{"href":"https:\/\/blog.esmadrid.com\/blog\/es\/wp-json\/wp\/v2\/media?parent=13114"}],"wp:term":[{"taxonomy":"category","embeddable":true,"href":"https:\/\/blog.esmadrid.com\/blog\/es\/wp-json\/wp\/v2\/categories?post=13114"},{"taxonomy":"post_tag","embeddable":true,"href":"https:\/\/blog.esmadrid.com\/blog\/es\/wp-json\/wp\/v2\/tags?post=13114"}],"curies":[{"name":"wp","href":"https:\/\/api.w.org\/{rel}","templated":true}]}}