{"id":13760,"date":"2020-12-15T10:49:34","date_gmt":"2020-12-15T09:49:34","guid":{"rendered":"https:\/\/blog.esmadrid.com\/blog\/es\/?p=13760"},"modified":"2020-12-15T10:49:34","modified_gmt":"2020-12-15T09:49:34","slug":"un-icono-madrileno","status":"publish","type":"post","link":"https:\/\/blog.esmadrid.com\/blog\/es\/2020\/12\/15\/un-icono-madrileno\/","title":{"rendered":"Un icono madrile\u00f1o"},"content":{"rendered":"<div id=\"attachment_13763\" style=\"width: 633px\" class=\"wp-caption alignnone\"><img aria-describedby=\"caption-attachment-13763\" loading=\"lazy\" class=\"size-full wp-image-13763\" title=\"Estas Meninas poli\u00e9dricas de colores son obra de Felipao.\" src=\"https:\/\/blog.esmadrid.com\/blog\/es\/wp-content\/uploads\/2020\/12\/mg_7876.jpg\" alt=\"Estas Meninas poli\u00e9dricas de colores son obra de Felipao.\" width=\"623\" height=\"356\" srcset=\"https:\/\/blog.esmadrid.com\/blog\/es\/wp-content\/uploads\/2020\/12\/mg_7876.jpg 623w, https:\/\/blog.esmadrid.com\/blog\/es\/wp-content\/uploads\/2020\/12\/mg_7876-300x171.jpg 300w\" sizes=\"(max-width: 623px) 100vw, 623px\" \/><p id=\"caption-attachment-13763\" class=\"wp-caption-text\">Estas Meninas poli\u00e9dricas de colores son obra de Felipao.<\/p><\/div>\n<p>Antes de nada, una aclaraci\u00f3n: las Meninas eran las ni\u00f1as de familia noble que llegaban a palacio para servir a la reina o a sus hijas. Las m\u00e1s famosas son las del cuadro de <strong>Diego Vel\u00e1zquez<\/strong>, convertidas en todo <strong>un s\u00edmbolo de nuestra ciudad.<\/strong> En Madrid hay muchos<strong> talleres y artistas<\/strong> sobre los que ejercen como aut\u00e9nticas musas. Esta es su obra. <strong>En estas fechas, \u00a1regala Madrid!<\/strong><!--more--><\/p>\n<div id=\"attachment_13764\" style=\"width: 633px\" class=\"wp-caption alignnone\"><img aria-describedby=\"caption-attachment-13764\" loading=\"lazy\" class=\"size-full wp-image-13764\" title=\"\u00a1Regala Madrid! Meninas como las de Felipao son todo un s\u00edmbolo de nuestra ciudad.\" src=\"https:\/\/blog.esmadrid.com\/blog\/es\/wp-content\/uploads\/2020\/12\/mg_7836.jpg\" alt=\"\u00a1Regala Madrid! Meninas como las de Felipao son todo un s\u00edmbolo de nuestra ciudad.\" width=\"623\" height=\"356\" srcset=\"https:\/\/blog.esmadrid.com\/blog\/es\/wp-content\/uploads\/2020\/12\/mg_7836.jpg 623w, https:\/\/blog.esmadrid.com\/blog\/es\/wp-content\/uploads\/2020\/12\/mg_7836-300x171.jpg 300w\" sizes=\"(max-width: 623px) 100vw, 623px\" \/><p id=\"caption-attachment-13764\" class=\"wp-caption-text\">\u00a1Regala Madrid! Meninas como las de Felipao son todo un s\u00edmbolo de nuestra ciudad.<\/p><\/div>\n<p><strong><a href=\"http:\/\/felipao.es\" target=\"_blank\">FELIPAO ART<\/a><\/strong><\/p>\n<p><strong><\/strong>\u00a0\u201cCreo que Vel\u00e1zquez ha sido el mejor pintor de la historia y crear una Menina nunca antes realizada, adaptada al momento actual, tecnol\u00f3gico y digital, supon\u00eda para m\u00ed un desaf\u00edo muy sugestivo a nivel creativo\u201d. As\u00ed habla Felipao, <strong>autor de la primera y \u00fanica Menina realizada en formato poli\u00e9drico<\/strong>, con un cuerpo construido sobre 448 caras diferentes. Un dise\u00f1o de lo m\u00e1s innovador que realiza a mano en tres tama\u00f1os, a elegir, de 32 o 52 cent\u00edmetros y una mayor de 1,65 metros. Eso s\u00ed, todas son<strong> puro color<\/strong>: \u201ces lo que da vida a mis esculturas y a cualquier objeto\u201d.<\/p>\n<div id=\"attachment_13765\" style=\"width: 633px\" class=\"wp-caption alignnone\"><img aria-describedby=\"caption-attachment-13765\" loading=\"lazy\" class=\"size-full wp-image-13765\" title=\"\u00bfCu\u00e1l prefieres? Antonio Azatto realiza modelos para todos los gustos y estilos.\" src=\"https:\/\/blog.esmadrid.com\/blog\/es\/wp-content\/uploads\/2020\/12\/mini-varias-copy.jpg\" alt=\"\u00bfCu\u00e1l prefieres? Antonio Azatto realiza modelos para todos los gustos y estilos.\" width=\"623\" height=\"356\" srcset=\"https:\/\/blog.esmadrid.com\/blog\/es\/wp-content\/uploads\/2020\/12\/mini-varias-copy.jpg 623w, https:\/\/blog.esmadrid.com\/blog\/es\/wp-content\/uploads\/2020\/12\/mini-varias-copy-300x171.jpg 300w\" sizes=\"(max-width: 623px) 100vw, 623px\" \/><p id=\"caption-attachment-13765\" class=\"wp-caption-text\">\u00bfCu\u00e1l prefieres? Antonio Azatto realiza modelos para todos los gustos y estilos.<\/p><\/div>\n<p><a href=\"http:\/\/artbyazzato.com\" target=\"_blank\"><strong>ANTONIO AZZATO<\/strong><\/a><\/p>\n<p>Apasionado del arte y el dise\u00f1o, Antonio Azzato es el alma mater de la <a href=\"http:\/\/meninasmadridgallery.com\" target=\"_blank\"><strong>Meninas Madrid Gallery<\/strong><\/a> que, cada a\u00f1o, llena las calles de nuestra ciudad con esculturas que representan al personaje central del cuadro de Vel\u00e1zquez. \u201cLlevo muchos a\u00f1os estudi\u00e1ndolo. Un d\u00eda vi a una persona llorando mientras lo contemplaba en el Museo del Prado y, entonces, me di cuenta de que esta<strong> obra maestra de la pintura<\/strong> es un sistema de ecuaciones matem\u00e1ticas con una inc\u00f3gnita por despejar: \u00bfqu\u00e9 pintaba el autor detr\u00e1s de su lienzo?\u201d Sea cual sea la respuesta, su objetivo actual es claro: liberar a las Meninas. Aunque se considera ciudadano del mundo, este venezolano, de origen italo-espa\u00f1ol, vive y trabaja en Madrid. Acepta encargos para <strong>personalizar<\/strong> sus Meninas, que pueden ser de 1,80 metros de alto, de 40 cent\u00edmetros o versiones mini (27 cm) de las expuestas al aire libre. Tambi\u00e9n vende camisetas, sudaderas y<strong>\u00a0<em>kits DIY<\/em>\u00a0<\/strong>\u00a1para que las decores t\u00fa mismo!<\/p>\n<div id=\"attachment_13767\" style=\"width: 633px\" class=\"wp-caption alignnone\"><img aria-describedby=\"caption-attachment-13767\" loading=\"lazy\" class=\"size-full wp-image-13767\" title=\"Las Meninas de Miguel Gu\u00eda son aut\u00e9nticas obras de arte.\" src=\"https:\/\/blog.esmadrid.com\/blog\/es\/wp-content\/uploads\/2020\/12\/maderas-exposicion.jpg\" alt=\"Las Meninas de Miguel Gu\u00eda son aut\u00e9nticas obras de arte.\" width=\"623\" height=\"356\" srcset=\"https:\/\/blog.esmadrid.com\/blog\/es\/wp-content\/uploads\/2020\/12\/maderas-exposicion.jpg 623w, https:\/\/blog.esmadrid.com\/blog\/es\/wp-content\/uploads\/2020\/12\/maderas-exposicion-300x171.jpg 300w\" sizes=\"(max-width: 623px) 100vw, 623px\" \/><p id=\"caption-attachment-13767\" class=\"wp-caption-text\">Las Meninas de Miguel Gu\u00eda son aut\u00e9nticas obras de arte.<\/p><\/div>\n<p><a href=\"http:\/\/miguelguia.com\" target=\"_blank\"><strong>MIGUEL GU\u00cdA<\/strong><\/a><\/p>\n<p>Para este creador madrile\u00f1o el <strong>arte es idea<\/strong>, el resto es emoci\u00f3n, sensibilidad, oficio, t\u00e9cnica, ingenio, tecnolog\u00eda y habilidad. Toda una declaraci\u00f3n de intenciones la de este artista en <strong>permanente inquietud<\/strong> en cuya obra siempre se esconde la incesante b\u00fasqueda de la belleza. La obra de Juan Gris o la de Pablo Picasso, junto a las esculturas de Gargallo, Lipchitz y Archipenco, crearon un c\u00f3ctel perfecto en su forma de entender el cubismo, desde distintos enfoques, hasta alcanzar un sello propio, que se puede apreciar en sus Meninas. Son de <strong>aire y metal<\/strong> en bronce de fundici\u00f3n y de aire y madera, ambas de 64 cm. Las esculturas pertenece a una\u00a0colecci\u00f3n seriada, limitada y original.<\/p>\n<div id=\"attachment_13768\" style=\"width: 633px\" class=\"wp-caption alignnone\"><img aria-describedby=\"caption-attachment-13768\" loading=\"lazy\" class=\"size-full wp-image-13768\" title=\"Primer plano de una de las Meninas que hacen con mimo en la Sala El Taller.\" src=\"https:\/\/blog.esmadrid.com\/blog\/es\/wp-content\/uploads\/2020\/12\/dsc06789.jpg\" alt=\"Primer plano de una de las Meninas que hacen con mimo en la Sala El Taller.\" width=\"623\" height=\"356\" srcset=\"https:\/\/blog.esmadrid.com\/blog\/es\/wp-content\/uploads\/2020\/12\/dsc06789.jpg 623w, https:\/\/blog.esmadrid.com\/blog\/es\/wp-content\/uploads\/2020\/12\/dsc06789-300x171.jpg 300w\" sizes=\"(max-width: 623px) 100vw, 623px\" \/><p id=\"caption-attachment-13768\" class=\"wp-caption-text\">Primer plano de una de las Meninas que hacen con mimo en la Sala El Taller.<\/p><\/div>\n<p><strong><a href=\"http:\/\/sala-el-taller.es\" target=\"_blank\">SALA EL TALLER<\/a><\/strong><\/p>\n<p><strong>Ana Clavero y Olga Nadales<\/strong> son las dos maestras artesanas que est\u00e1n detr\u00e1s de Sala El Taller, un<strong> estudio de dise\u00f1o y fabricaci\u00f3n de cer\u00e1mica<\/strong> especializado en la realizaci\u00f3n de objetos decorativos y piezas escult\u00f3ricas. Para ellas las Meninas \u201cson un icono muy representativo de Madrid\u201d y, por eso, las hacen \u201ccon mucho mimo\u201d en su taller. Para ello utilizan <strong>barro refractario<\/strong>, trabajado a mano tanto en su elaboraci\u00f3n, a trav\u00e9s del modelado, como en su posterior decoraci\u00f3n, para la que se sirven del pintado a pincel, la incisi\u00f3n, el uso de esmaltes creados en su propio laboratorio y la aplicaci\u00f3n de \u00f3xidos cer\u00e1micos. En cuanto al dise\u00f1o, todo depende de la inspiraci\u00f3n. \u201cSiempre dejamos volar la <strong>imaginaci\u00f3n<\/strong>\u201d.<\/p>\n<div id=\"attachment_13770\" style=\"width: 633px\" class=\"wp-caption alignnone\"><img aria-describedby=\"caption-attachment-13770\" loading=\"lazy\" class=\"size-full wp-image-13770\" title=\"Adem\u00e1s de figuras, Rosario Llena Mart\u00ednez tambi\u00e9n hace broches y colgantes con la imagen de las Meninas.\" src=\"https:\/\/blog.esmadrid.com\/blog\/es\/wp-content\/uploads\/2020\/12\/broches-meninas1.jpg\" alt=\"Adem\u00e1s de figuras, Rosario Llena Mart\u00ednez tambi\u00e9n hace broches y colgantes con la imagen de las Meninas.\" width=\"623\" height=\"356\" srcset=\"https:\/\/blog.esmadrid.com\/blog\/es\/wp-content\/uploads\/2020\/12\/broches-meninas1.jpg 623w, https:\/\/blog.esmadrid.com\/blog\/es\/wp-content\/uploads\/2020\/12\/broches-meninas1-300x171.jpg 300w\" sizes=\"(max-width: 623px) 100vw, 623px\" \/><p id=\"caption-attachment-13770\" class=\"wp-caption-text\">Adem\u00e1s de figuras, Rosario Llena Mart\u00ednez tambi\u00e9n hace broches y colgantes con la imagen de las Meninas.<\/p><\/div>\n<p><strong><a href=\"http:\/\/hazarte.es\" target=\"_blank\">ROSARIO LLENA MART\u00cdNEZ<\/a><\/strong><\/p>\n<p><strong><\/strong>Treinta a\u00f1os lleva Rosario Llena trabajando la artesan\u00eda desde su taller, HAZ, un nombre muy especial para ella: \u201cpara m\u00ed tiene el significado de la uni\u00f3n de la diversidad\u201d. Cuando descubri\u00f3 el <strong>modelado de arcilla<\/strong> se entusiasm\u00f3 con la posibilidad de dar forma a una idea y traerla al mundo de lo tangible, utilizando distintos materiales. \u201cDesde que vi una exposici\u00f3n de Henry\u00a0\u00a0Moore que me enamor\u00f3, me pareci\u00f3 un reto trabajar con<strong> el volumen y\u00a0\u00a0el espacio<\/strong>\u201d, nos comenta. Sus Meninas est\u00e1n tratadas desde este punto de vista, \u201cquer\u00eda hacerlas de un modo poco convencional y que a simple vista se comprendiera el concepto\u201d. Las esculturas est\u00e1n realizadas en <strong>bronce<\/strong> con diferentes p\u00e1tinas, sobre base de m\u00e1rmol. Los colgantes y broches son de lat\u00f3n, algunos patinados y otros en dorado.<\/p>\n<div id=\"attachment_13771\" style=\"width: 633px\" class=\"wp-caption alignnone\"><img aria-describedby=\"caption-attachment-13771\" loading=\"lazy\" class=\"size-full wp-image-13771\" title=\"Carlos Franco firma estas elegantes Meninas.\" src=\"https:\/\/blog.esmadrid.com\/blog\/es\/wp-content\/uploads\/2020\/12\/meninas-de-barro-cocido-taller-estuco.jpg\" alt=\"Carlos Franco firma estas elegantes Meninas.\" width=\"623\" height=\"356\" srcset=\"https:\/\/blog.esmadrid.com\/blog\/es\/wp-content\/uploads\/2020\/12\/meninas-de-barro-cocido-taller-estuco.jpg 623w, https:\/\/blog.esmadrid.com\/blog\/es\/wp-content\/uploads\/2020\/12\/meninas-de-barro-cocido-taller-estuco-300x171.jpg 300w\" sizes=\"(max-width: 623px) 100vw, 623px\" \/><p id=\"caption-attachment-13771\" class=\"wp-caption-text\">Carlos Franco firma estas elegantes Meninas.<\/p><\/div>\n<p><strong><a href=\"http:\/\/tallerestuco.es\" target=\"_blank\">CARLOS FRANCO<\/a><\/strong><\/p>\n<p><strong><\/strong>Desde su taller del barrio de Chamber\u00ed (Galileo, 43), Carlos Franco lo tiene claro: sus piezas \u00a0son ideales \u201cpara un <strong>regalo especial<\/strong> o para decorar cualquier rinc\u00f3n de la casa\u201d. Aunque tiene objetos listos para comprar, aqu\u00ed todo se hace al gusto y capricho del cliente. Una de sus especialidades es la <strong>cer\u00e1mica art\u00edstica<\/strong>, modalidad en la que se encuadran sus preciosas Meninas. Las m\u00e1s peque\u00f1as, de 15 cm, est\u00e1n modeladas en barro refractario albino y decoradas con esmalte al fuego. Las m\u00e1s grandes,\u00a0en barro blanco a mano, est\u00e1n decoradas tambi\u00e9n con esmaltes al fuego y tienen tres cocciones. Pero atenci\u00f3n:\u00a0Carlos tambi\u00e9n hace l\u00e1mparas. \u201cEst\u00e1n hechas de<strong> porcelana blanca<\/strong>, llamada \u00abjade imperial\u00bb, y esmaltadas en blanco satinado antiguo, un esmalte al fuego de receta artesanal. Las tengo en dos formatos: para introducir una vela o una bombilla\u201d. Quien quiera emularle solo tiene que apuntarse a las clases que imparte, para todos los niveles.<\/p>\n<div id=\"attachment_13772\" style=\"width: 633px\" class=\"wp-caption alignnone\"><img aria-describedby=\"caption-attachment-13772\" loading=\"lazy\" class=\"size-full wp-image-13772\" title=\"Las Meninas de Vel\u00e1zquez adornan este abanico, de venta en la tienda del Museo del Prado.\" src=\"https:\/\/blog.esmadrid.com\/blog\/es\/wp-content\/uploads\/2020\/12\/abanico-las-meninas.jpg\" alt=\"Las Meninas de Vel\u00e1zquez adornan este abanico, de venta en la tienda del Museo del Prado.\" width=\"623\" height=\"356\" srcset=\"https:\/\/blog.esmadrid.com\/blog\/es\/wp-content\/uploads\/2020\/12\/abanico-las-meninas.jpg 623w, https:\/\/blog.esmadrid.com\/blog\/es\/wp-content\/uploads\/2020\/12\/abanico-las-meninas-300x171.jpg 300w\" sizes=\"(max-width: 623px) 100vw, 623px\" \/><p id=\"caption-attachment-13772\" class=\"wp-caption-text\">Las Meninas de Vel\u00e1zquez adornan este abanico, de venta en la tienda del Museo del Prado.<\/p><\/div>\n<p><strong>LAS MENINAS DEL PRADO<\/strong><\/p>\n<p><strong><\/strong>Como todo el mundo sabe la casa de las Meninas es el <strong>Museo del Prado.<\/strong> Ah\u00ed est\u00e1n, formando parte del famoso cuadro de Vel\u00e1zquez. Pero tambi\u00e9n son uno de los recuerdos m\u00e1s preciados que se pueden conseguir en su <a href=\"http:\/\/tiendaprado.com\" target=\"_blank\"><strong>tienda<\/strong><\/a>. Las hay e<strong>n 3D, fabricadas en madera sostenible contrachapada de abedul<\/strong>, aunque tambi\u00e9n es posible encontrarlas decorando <strong>abanicos<\/strong>, elaborados en madera de peral pulido, <strong>cuadernos de tela<\/strong> y <strong>colgantes<\/strong> realizados artesanalmente con plata de primera ley chapada en oro de 24 quilates.<\/p>\n","protected":false},"excerpt":{"rendered":"<p>Antes de nada, una aclaraci\u00f3n: las Meninas eran las ni\u00f1as de familia noble que llegaban a palacio para servir a la reina o a sus hijas. Las m\u00e1s famosas son las del cuadro de Diego Vel\u00e1zquez, convertidas en todo un s\u00edmbolo de nuestra ciudad. En Madrid hay muchos talleres y artistas sobre los que ejercen [&hellip;]<\/p>\n","protected":false},"author":6,"featured_media":13778,"comment_status":"closed","ping_status":"closed","sticky":false,"template":"","format":"standard","meta":[],"categories":[4],"tags":[980,37,949,948,979,975,42],"_links":{"self":[{"href":"https:\/\/blog.esmadrid.com\/blog\/es\/wp-json\/wp\/v2\/posts\/13760"}],"collection":[{"href":"https:\/\/blog.esmadrid.com\/blog\/es\/wp-json\/wp\/v2\/posts"}],"about":[{"href":"https:\/\/blog.esmadrid.com\/blog\/es\/wp-json\/wp\/v2\/types\/post"}],"author":[{"embeddable":true,"href":"https:\/\/blog.esmadrid.com\/blog\/es\/wp-json\/wp\/v2\/users\/6"}],"replies":[{"embeddable":true,"href":"https:\/\/blog.esmadrid.com\/blog\/es\/wp-json\/wp\/v2\/comments?post=13760"}],"version-history":[{"count":13,"href":"https:\/\/blog.esmadrid.com\/blog\/es\/wp-json\/wp\/v2\/posts\/13760\/revisions"}],"predecessor-version":[{"id":13784,"href":"https:\/\/blog.esmadrid.com\/blog\/es\/wp-json\/wp\/v2\/posts\/13760\/revisions\/13784"}],"wp:featuredmedia":[{"embeddable":true,"href":"https:\/\/blog.esmadrid.com\/blog\/es\/wp-json\/wp\/v2\/media\/13778"}],"wp:attachment":[{"href":"https:\/\/blog.esmadrid.com\/blog\/es\/wp-json\/wp\/v2\/media?parent=13760"}],"wp:term":[{"taxonomy":"category","embeddable":true,"href":"https:\/\/blog.esmadrid.com\/blog\/es\/wp-json\/wp\/v2\/categories?post=13760"},{"taxonomy":"post_tag","embeddable":true,"href":"https:\/\/blog.esmadrid.com\/blog\/es\/wp-json\/wp\/v2\/tags?post=13760"}],"curies":[{"name":"wp","href":"https:\/\/api.w.org\/{rel}","templated":true}]}}