{"id":15023,"date":"2021-11-11T15:01:54","date_gmt":"2021-11-11T14:01:54","guid":{"rendered":"https:\/\/blog.esmadrid.com\/blog\/es\/?p=15023"},"modified":"2021-11-11T19:24:55","modified_gmt":"2021-11-11T18:24:55","slug":"tesoros-de-rumania","status":"publish","type":"post","link":"https:\/\/blog.esmadrid.com\/blog\/es\/2021\/11\/11\/tesoros-de-rumania\/","title":{"rendered":"Tesoros de Ruman\u00eda"},"content":{"rendered":"<p><iframe title=\"YouTube video player\" src=\"https:\/\/www.youtube.com\/embed\/KsyygI35X1Q\" width=\"623\" height=\"356\" frameborder=\"0\" allowfullscreen=\"allowfullscreen\"><span data-mce-type=\"bookmark\" style=\"display: inline-block; width: 0px; overflow: hidden; line-height: 0;\" class=\"mce_SELRES_start\">\ufeff<\/span><\/iframe><\/p>\n<p>Pocas veces una exposici\u00f3n re\u00fane obras con un valor hist\u00f3rico, art\u00edstico y material equiparable al de las m\u00e1s de 800 piezas que forman parte de <strong><a href=\"https:\/\/www.esmadrid.com\/agenda\/tesoros-arqueologicos-rumania-raices-dacias-romanas-museo-arqueologico-nacional\"><em>Tesoros Arqueol\u00f3gicos de Ruman\u00eda<\/em><\/a><\/strong> y que provienen de 40 instituciones distintas de todo el pa\u00eds. La muestra narra los or\u00edgenes de Dacia, su posterior romanizaci\u00f3n y el triunfo del cristianismo. Puede visitarse en el <strong><a href=\"https:\/\/www.esmadrid.com\/informacion-turistica\/museo-arqueologico-nacional\">MAN<\/a><\/strong> hasta el 27 de febrero.<\/p>\n<p><!--more--><\/p>\n<p>Fue <strong>Trajano,<\/strong> un emperador nacido en It\u00e1lica (Sevilla), qui\u00e9n en el a\u00f1o 107 por fin conquist\u00f3 los territorios que se extend\u00edan al norte del Danubio y que los ge\u00f3grafos llamaban <strong>Dacia.<\/strong> En la ciudad de Roma todav\u00eda hoy se levanta una columna monumental para recordar la que entonces fuese considerada la gran victoria del Imperio sobre los pueblos del este. Aunque la provincia romana tuvo una vigencia de poco m\u00e1s de 150 a\u00f1os, <strong>la influencia del helenismo primero y de la cultura latina despu\u00e9s dejaron una huella indeleble en las gentes de la actual Ruman\u00eda<\/strong>, que debe tanto su nombre como el origen de su lengua a la impronta del mundo cl\u00e1sico. Un siglo antes <strong>Ovidio<\/strong> hab\u00eda tenido que exiliarse a la colonia griega de Tomis (Constanza), a orillas del Mar Negro, donde los getas -los habitantes de los C\u00e1rpatos- conocieron a los mismos h\u00e9roes y dioses del Olimpo a los que cantaba el poeta y cuyas historias, desde hac\u00eda tiempo, viajaban en las figuras rojas sobre fondo negro de las vasijas que se decoraban en los alfares de Atenas, Corinto o Alejandr\u00eda.<\/p>\n<div id=\"attachment_15024\" style=\"width: 633px\" class=\"wp-caption alignnone\"><img aria-describedby=\"caption-attachment-15024\" loading=\"lazy\" class=\"size-full wp-image-15024\" src=\"https:\/\/blog.esmadrid.com\/blog\/es\/wp-content\/uploads\/2021\/11\/hidria--epoca-griega--siglo-iv-a-c--brazalete-de-oro-en-espiral--siglo-i-a-c-.jpg\" alt=\"\" width=\"623\" height=\"356\" srcset=\"https:\/\/blog.esmadrid.com\/blog\/es\/wp-content\/uploads\/2021\/11\/hidria--epoca-griega--siglo-iv-a-c--brazalete-de-oro-en-espiral--siglo-i-a-c-.jpg 623w, https:\/\/blog.esmadrid.com\/blog\/es\/wp-content\/uploads\/2021\/11\/hidria--epoca-griega--siglo-iv-a-c--brazalete-de-oro-en-espiral--siglo-i-a-c--300x171.jpg 300w\" sizes=\"(max-width: 623px) 100vw, 623px\" \/><p id=\"caption-attachment-15024\" class=\"wp-caption-text\">Hidria. \u00c9poca griega. Siglo IV a.C. Brazalete de oro en espiral. Siglo I a.C.<\/p><\/div>\n<p>Prueba de esta intensa relaci\u00f3n con el Mediterr\u00e1neo son la escritura griega y latina en diferentes soportes -placas, recipientes, l\u00e1mparas-, las esculturas de H\u00e9rcules y Baco, o las l\u00e1pidas o los retratos imperiales. Hay un \u00eddolo labrado en m\u00e1rmol que responde al nombre de <strong>Glycon<\/strong> y que fue adorado fundamentalmente en los Balcanes por salvar a los hombres y mujeres de las epidemias y la enfermedad. Es una serpiente con cabeza humana y cola de chivo, esculpida en un rotundo bloque de m\u00e1rmol cuyo interior est\u00e1 totalmente vac\u00edo. Contrasta con una delicada estatuilla del dios Eros, en una peque\u00f1a piedra de \u00e1mbar que proviene del mar B\u00e1ltico. Son piezas de <strong>una belleza extraordinaria<\/strong>, sin embargo, los comisarios de la exposici\u00f3n, Andr\u00e9s Carretero P\u00e9rez -director del Museo Arqueol\u00f3gico Nacional- y Ernest Oberl\u00e4nder-T\u00e2rnoveanu -director del Museo Nacional de Historia de Ruman\u00eda-, destacan muy especialmente <strong>los ajuares funerarios getas<\/strong>, con cascos de oro y plata, como los de las tumbas principescas de Peretu y Cotofenesti, que nunca antes se hab\u00edan visto en Espa\u00f1a.<\/p>\n<div id=\"attachment_15025\" style=\"width: 633px\" class=\"wp-caption alignnone\"><img aria-describedby=\"caption-attachment-15025\" loading=\"lazy\" class=\"size-full wp-image-15025\" src=\"https:\/\/blog.esmadrid.com\/blog\/es\/wp-content\/uploads\/2021\/11\/casco--tesoro-de-peretu--la-tene--siglo-iv-a-c--segunda-mitad--riton--la-tene--siglo-iv-iii-a-c-.jpg\" alt=\"\" width=\"623\" height=\"356\" srcset=\"https:\/\/blog.esmadrid.com\/blog\/es\/wp-content\/uploads\/2021\/11\/casco--tesoro-de-peretu--la-tene--siglo-iv-a-c--segunda-mitad--riton--la-tene--siglo-iv-iii-a-c-.jpg 623w, https:\/\/blog.esmadrid.com\/blog\/es\/wp-content\/uploads\/2021\/11\/casco--tesoro-de-peretu--la-tene--siglo-iv-a-c--segunda-mitad--riton--la-tene--siglo-iv-iii-a-c--300x171.jpg 300w\" sizes=\"(max-width: 623px) 100vw, 623px\" \/><p id=\"caption-attachment-15025\" class=\"wp-caption-text\">Casco. Tesoro de Peretu. La T\u00e8ne. Siglo IV a.C. (segunda mitad). Rit\u00f3n. La T\u00e8ne. Siglo IV-III a.C.<\/p><\/div>\n<p>Tambi\u00e9n pasaron por este cruce de caminos los <strong>celtas,<\/strong> los <strong>s\u00e1rmatas<\/strong> y los <strong>escitas,<\/strong> y m\u00e1s tarde los <strong>visigodos<\/strong> y los <strong>v\u00e1ndalos,<\/strong> que luego fundar\u00edan un reino en la Pen\u00ednsula Ib\u00e9rica. Algunos de estos tesoros podr\u00edan recordarnos a las coronas votivas de Guarrazar, conservadas en el mismo Museo Arqueol\u00f3gico Nacional. Casi no se ha hablado hasta ahora del lazo invisible que conecta las dos esquinas de Europa y que ignora los much\u00edsimos accidentes geogr\u00e1ficos que nos separan. Sin embargo, ese cauce entre Espa\u00f1a y Ruman\u00eda sigue estando vivo.<strong> La exposici\u00f3n viene a conmemorar 140 a\u00f1os de relaciones diplom\u00e1ticas entre ambos pa\u00edses<\/strong> y a celebrar la presencia en Espa\u00f1a de miles de ciudadanos de origen rumano que d\u00eda a d\u00eda comparten aqu\u00ed lo mejor de su cultura. Por este motivo, <em>Tesoros arqueol\u00f3gicos de Rumania<\/em> es una de las muestras m\u00e1s significativos de los \u00faltimos a\u00f1os.<\/p>\n<div id=\"attachment_15026\" style=\"width: 633px\" class=\"wp-caption alignnone\"><img aria-describedby=\"caption-attachment-15026\" loading=\"lazy\" class=\"size-full wp-image-15026\" src=\"https:\/\/blog.esmadrid.com\/blog\/es\/wp-content\/uploads\/2021\/11\/tesoro-de-pietroasa--antiguedad-tardia--siglo-v-d-c-.jpg\" alt=\"\" width=\"623\" height=\"356\" srcset=\"https:\/\/blog.esmadrid.com\/blog\/es\/wp-content\/uploads\/2021\/11\/tesoro-de-pietroasa--antiguedad-tardia--siglo-v-d-c-.jpg 623w, https:\/\/blog.esmadrid.com\/blog\/es\/wp-content\/uploads\/2021\/11\/tesoro-de-pietroasa--antiguedad-tardia--siglo-v-d-c--300x171.jpg 300w\" sizes=\"(max-width: 623px) 100vw, 623px\" \/><p id=\"caption-attachment-15026\" class=\"wp-caption-text\">Tesoro de Pietroasa. Antig\u00fcedad Tard\u00eda. Siglo V d.C.<\/p><\/div>\n","protected":false},"excerpt":{"rendered":"<p>\ufeff Pocas veces una exposici\u00f3n re\u00fane obras con un valor hist\u00f3rico, art\u00edstico y material equiparable al de las m\u00e1s de 800 piezas que forman parte de Tesoros Arqueol\u00f3gicos de Ruman\u00eda y que provienen de 40 instituciones distintas de todo el pa\u00eds. La muestra narra los or\u00edgenes de Dacia, su posterior romanizaci\u00f3n y el triunfo del [&hellip;]<\/p>\n","protected":false},"author":7,"featured_media":15027,"comment_status":"closed","ping_status":"closed","sticky":false,"template":"","format":"standard","meta":[],"categories":[1],"tags":[37,25,36,9],"_links":{"self":[{"href":"https:\/\/blog.esmadrid.com\/blog\/es\/wp-json\/wp\/v2\/posts\/15023"}],"collection":[{"href":"https:\/\/blog.esmadrid.com\/blog\/es\/wp-json\/wp\/v2\/posts"}],"about":[{"href":"https:\/\/blog.esmadrid.com\/blog\/es\/wp-json\/wp\/v2\/types\/post"}],"author":[{"embeddable":true,"href":"https:\/\/blog.esmadrid.com\/blog\/es\/wp-json\/wp\/v2\/users\/7"}],"replies":[{"embeddable":true,"href":"https:\/\/blog.esmadrid.com\/blog\/es\/wp-json\/wp\/v2\/comments?post=15023"}],"version-history":[{"count":2,"href":"https:\/\/blog.esmadrid.com\/blog\/es\/wp-json\/wp\/v2\/posts\/15023\/revisions"}],"predecessor-version":[{"id":15029,"href":"https:\/\/blog.esmadrid.com\/blog\/es\/wp-json\/wp\/v2\/posts\/15023\/revisions\/15029"}],"wp:featuredmedia":[{"embeddable":true,"href":"https:\/\/blog.esmadrid.com\/blog\/es\/wp-json\/wp\/v2\/media\/15027"}],"wp:attachment":[{"href":"https:\/\/blog.esmadrid.com\/blog\/es\/wp-json\/wp\/v2\/media?parent=15023"}],"wp:term":[{"taxonomy":"category","embeddable":true,"href":"https:\/\/blog.esmadrid.com\/blog\/es\/wp-json\/wp\/v2\/categories?post=15023"},{"taxonomy":"post_tag","embeddable":true,"href":"https:\/\/blog.esmadrid.com\/blog\/es\/wp-json\/wp\/v2\/tags?post=15023"}],"curies":[{"name":"wp","href":"https:\/\/api.w.org\/{rel}","templated":true}]}}