{"id":1589,"date":"2013-05-27T08:13:29","date_gmt":"2013-05-27T07:13:29","guid":{"rendered":"http:\/\/blog.esmadrid.com\/blog\/es\/?p=1589"},"modified":"2013-06-12T11:40:05","modified_gmt":"2013-06-12T10:40:05","slug":"con-las-mejores-vistas","status":"publish","type":"post","link":"https:\/\/blog.esmadrid.com\/blog\/es\/2013\/05\/27\/con-las-mejores-vistas\/","title":{"rendered":"Con las mejores vistas"},"content":{"rendered":"<div id=\"attachment_1593\" style=\"width: 633px\" class=\"wp-caption aligncenter\"><a href=\"https:\/\/blog.esmadrid.com\/blog\/es\/wp-content\/uploads\/2013\/05\/palacio-de-cibeles.jpg\"><img aria-describedby=\"caption-attachment-1593\" loading=\"lazy\" class=\"size-full wp-image-1593\" title=\"Mirador del Palacio de Cibeles\" src=\"https:\/\/blog.esmadrid.com\/blog\/es\/wp-content\/uploads\/2013\/05\/palacio-de-cibeles.jpg\" alt=\"Mirador del Palacio de Cibeles\" width=\"623\" height=\"356\" srcset=\"https:\/\/blog.esmadrid.com\/blog\/es\/wp-content\/uploads\/2013\/05\/palacio-de-cibeles.jpg 623w, https:\/\/blog.esmadrid.com\/blog\/es\/wp-content\/uploads\/2013\/05\/palacio-de-cibeles-300x171.jpg 300w\" sizes=\"(max-width: 623px) 100vw, 623px\" \/><\/a><p id=\"caption-attachment-1593\" class=\"wp-caption-text\">Mirador del Palacio de Cibeles<\/p><\/div>\n<p>Si hay algo que hacemos todos cuando salimos de viaje es buscar un lugar para obtener las mejores vistas de la ciudad que hayamos elegido para nuestras vacaciones. No podemos evitarlo: nos gustan las terrazas de los hoteles, los bares instalados en azoteas, los ascensores con paredes de cristal, las torres\u2026 No hay v\u00e9rtigo que valga si de lo que se trata es de conseguir una panor\u00e1mica diferente para hacer la foto que nos devolver\u00e1 con la imaginaci\u00f3n a ese destino cuando hayamos vuelto a casa.<!--more--><\/p>\n<p>Si nunca has estado en Madrid, ya puedes ir sacando el mapa para marcar con una cruz esos sitios que no te puedes perder. El primero de ellos es el <a title=\"Palacio de Cibeles\" href=\"http:\/\/www.esmadrid.com\/es\/portal.do?IDM=66&amp;NM=3&amp;TR=C&amp;IDR=1872\" target=\"_blank\"><strong>mirador<\/strong> <strong>del Palacio de Cibeles<\/strong><\/a>, ese precioso edificio con aires de catedral, obra de Antonio Palacios y Joaqu\u00edn Otamendi (1904), que se alza poderoso frente a la famosa fuente. En su interior tiene su sede <a title=\"CentroCentro\" href=\"http:\/\/www.centrocentro.org\" target=\"_blank\"><strong>CentroCentro<\/strong><\/a>, que tiene como objetivo fomentar, a trav\u00e9s de sus actividades (exposiciones, conciertos\u2026), la reflexi\u00f3n sobre la vida y la cultura urbanas contempor\u00e1neas. Adem\u00e1s, es punto de informaci\u00f3n para todos aquellos que quieran recorrer el <a title=\"Paseo del Arte\" href=\"http:\/\/www.esmadrid.com\/es\/paseo-del-arte\" target=\"_blank\"><strong>Paseo del Arte<\/strong><\/a>.<\/p>\n<div id=\"attachment_1600\" style=\"width: 633px\" class=\"wp-caption aligncenter\"><a href=\"https:\/\/blog.esmadrid.com\/blog\/es\/wp-content\/uploads\/2013\/05\/vistas-desde-centrocentro.jpg\"><img aria-describedby=\"caption-attachment-1600\" loading=\"lazy\" class=\"size-full wp-image-1600\" title=\"Panor\u00e1mica desde el Mirador del Palacio de Cibeles\" src=\"https:\/\/blog.esmadrid.com\/blog\/es\/wp-content\/uploads\/2013\/05\/vistas-desde-centrocentro.jpg\" alt=\"Panor\u00e1mica desde el Mirador del Palacio de Cibeles\" width=\"623\" height=\"356\" srcset=\"https:\/\/blog.esmadrid.com\/blog\/es\/wp-content\/uploads\/2013\/05\/vistas-desde-centrocentro.jpg 623w, https:\/\/blog.esmadrid.com\/blog\/es\/wp-content\/uploads\/2013\/05\/vistas-desde-centrocentro-300x171.jpg 300w\" sizes=\"(max-width: 623px) 100vw, 623px\" \/><\/a><p id=\"caption-attachment-1600\" class=\"wp-caption-text\">Panor\u00e1mica desde el Mirador del Palacio de Cibeles<\/p><\/div>\n<p>CentroCentro cuenta con una cafeter\u00eda, <a title=\"Colecci\u00f3n Cibeles\" href=\"http:\/\/www.esmadrid.com\/es\/cargarAplicacionRestaurante.do?identificador=1417\" target=\"_blank\"><strong>Colecci\u00f3n Cibeles<\/strong><\/a>, y un restaurante, <a title=\"Restaurante Palacio de Cibeles\" href=\"http:\/\/www.esmadrid.com\/es\/cargarAplicacionRestaurante.do?identificador=1416\" target=\"_blank\"><strong>Palacio Cibeles<\/strong><\/a>, en la sexta planta, desde el que las vistas ya son impactantes. Pero, para conseguir la mejor panor\u00e1mica, tendr\u00e1s que subir dos pisos m\u00e1s, ya que es en la octava donde se encuentra el mirador, a 70 metros de altura. Desde \u00e9l se ve todo el centro de la ciudad y el barrio de Salamanca\u2026 \u00a1No te lo puedes perder! Las visitas se realizan cada\u00a0 30 minutos (precio: 2 \u20ac), pero es necesario reservar antes tu entrada en los mostradores de la planta 2 (horario de acceso: de martes a domingo, 10:30-13:30 h y 16:00 a 19:00 h).<\/p>\n<div id=\"attachment_1594\" style=\"width: 633px\" class=\"wp-caption aligncenter\"><a href=\"https:\/\/blog.esmadrid.com\/blog\/es\/wp-content\/uploads\/2013\/05\/crculo-de-bellas-artes.jpg\"><img aria-describedby=\"caption-attachment-1594\" loading=\"lazy\" class=\"size-full wp-image-1594\" title=\"C\u00edrculo de Bellas Artes\" src=\"https:\/\/blog.esmadrid.com\/blog\/es\/wp-content\/uploads\/2013\/05\/crculo-de-bellas-artes.jpg\" alt=\"C\u00edrculo de Bellas Artes\" width=\"623\" height=\"356\" srcset=\"https:\/\/blog.esmadrid.com\/blog\/es\/wp-content\/uploads\/2013\/05\/crculo-de-bellas-artes.jpg 623w, https:\/\/blog.esmadrid.com\/blog\/es\/wp-content\/uploads\/2013\/05\/crculo-de-bellas-artes-300x171.jpg 300w\" sizes=\"(max-width: 623px) 100vw, 623px\" \/><\/a><p id=\"caption-attachment-1594\" class=\"wp-caption-text\">C\u00edrculo de Bellas Artes<\/p><\/div>\n<p>Otro edificio de Antonio Palacios es el <a title=\"C\u00edrculo de Bellas Artes\" href=\"http:\/\/www.esmadrid.com\/es\/cargarAplicacionInfoTuristica.do?identificador=272\" target=\"_blank\"><strong>C\u00edrculo de Bellas Artes<\/strong><\/a>, en la calle de Alcal\u00e1. Os recomiendo que tom\u00e9is algo en su Pecera, la cafeter\u00eda acristalada de la planta baja, y que ve\u00e1is alguna de sus exposiciones. Despu\u00e9s, llegar\u00e1 el turno de subir a la azotea, que cuenta con una de las m\u00e1s espectaculares vistas de Madrid, una perspectiva inigualable del entramado urbano de la ciudad, con los edificios de la <strong>calle de Alcal\u00e1<\/strong> y la <strong>Gran V\u00eda<\/strong> tan cerca&#8230; Para acceder a ella existe un ascensor con puertas de cristal en su \u00faltima planta, que desde el vest\u00edbulo permite el acceso directo a este privilegiado espacio. Los tickets (3 \u20ac) se pueden adquirir en la recepci\u00f3n (horario: de lunes a viernes de 9:00 a 2:00 y s\u00e1bados y domingos de 11:00 a 2:30 horas). El d\u00eda 7 de junio se inaugura un bar-restaurante, el <strong>Tart\u00e1n<\/strong>, pero de eso ya os trend\u00e9 informados.<\/p>\n<div id=\"attachment_1598\" style=\"width: 633px\" class=\"wp-caption aligncenter\"><a href=\"https:\/\/blog.esmadrid.com\/blog\/es\/wp-content\/uploads\/2013\/05\/cpula-de-la-catedral.jpg\"><img aria-describedby=\"caption-attachment-1598\" loading=\"lazy\" class=\"size-full wp-image-1598\" title=\"C\u00fapula de la Catedral de la Almudena\" src=\"https:\/\/blog.esmadrid.com\/blog\/es\/wp-content\/uploads\/2013\/05\/cpula-de-la-catedral.jpg\" alt=\"C\u00fapula de la Catedral de la Almudena\" width=\"623\" height=\"356\" srcset=\"https:\/\/blog.esmadrid.com\/blog\/es\/wp-content\/uploads\/2013\/05\/cpula-de-la-catedral.jpg 623w, https:\/\/blog.esmadrid.com\/blog\/es\/wp-content\/uploads\/2013\/05\/cpula-de-la-catedral-300x171.jpg 300w\" sizes=\"(max-width: 623px) 100vw, 623px\" \/><\/a><p id=\"caption-attachment-1598\" class=\"wp-caption-text\">C\u00fapula de la Catedral de la Almudena<\/p><\/div>\n<p>Una perspectiva muy diferente es la que ofrece la c\u00fapula de la <strong>Catedral de la Almudena<\/strong>, con el <strong>Palacio Real<\/strong> justo enfrente y la <strong>Casa de Campo<\/strong> y la sierra de Guadarrama como tel\u00f3n de fondo. A ella s\u00f3lo pueden acceder quienes hayan optado por visitar el <a title=\"Museo de la Catedral de la Almudena\" href=\"http:\/\/www.esmadrid.com\/es\/cargarAplicacionInfoTuristica.do?identificador=183\" target=\"_blank\"><strong>Museo de la Catedral<\/strong><\/a>, que presta especial atenci\u00f3n a los dos patrones de la ciudad: la Virgen de la Almudena y San Isidro. \u00a1Atenci\u00f3n! La galer\u00eda del museo (un poquito m\u00e1s abajo que la c\u00fapula, pero tambi\u00e9n a cierta altura) es un lugar excepcional para ver con todo lujo de detalles el <a title=\"Cambio de la Guardia Real\" href=\"http:\/\/www.esmadrid.com\/es\/cambio-guardia-real\" target=\"_blank\"><strong>Cambio de la Guardia Real<\/strong><\/a> que tiene lugar el primer mi\u00e9rcoles de cada mes en la explanada del palacio.<\/p>\n<p>El Palacio Real y la Catedral se ven tambi\u00e9n muy bien desde el mirador del Huerto de la Partida, en <a title=\"Miradores de Madrid R\u00edo\" href=\"http:\/\/www.esmadrid.com\/madridrio\/html\/madrid-rio-miradores-es.html\" target=\"_blank\"><strong>Madrid R\u00edo<\/strong><\/a>, que cuenta con otros <em>balcones<\/em> de inter\u00e9s, como el propio <strong>puente de Segovia<\/strong>, con vistas hacia el norte y el sur del Manzanares y a las nuevas fuentes monumentales situadas en sus jardines bajos. El puente monumental de Arganzuela incorpora una terraza-mirador, desde la que se divisa, por el norte, el <strong>puente de Toledo<\/strong>, del siglo XVIII, y, por el sur, el <strong>parque de Arganzuela<\/strong> y la <strong>playa urbana<\/strong>.<\/p>\n<div id=\"attachment_1595\" style=\"width: 633px\" class=\"wp-caption aligncenter\"><a href=\"https:\/\/blog.esmadrid.com\/blog\/es\/wp-content\/uploads\/2013\/05\/gran-va.jpg\"><img aria-describedby=\"caption-attachment-1595\" loading=\"lazy\" class=\"size-full wp-image-1595\" title=\"Gran V\u00eda desde El Club Gourmet de El Corte Ingl\u00e9s\" src=\"https:\/\/blog.esmadrid.com\/blog\/es\/wp-content\/uploads\/2013\/05\/gran-va.jpg\" alt=\"Gran V\u00eda desde El Club Gourmet de El Corte Ingl\u00e9s\" width=\"623\" height=\"356\" srcset=\"https:\/\/blog.esmadrid.com\/blog\/es\/wp-content\/uploads\/2013\/05\/gran-va.jpg 623w, https:\/\/blog.esmadrid.com\/blog\/es\/wp-content\/uploads\/2013\/05\/gran-va-300x171.jpg 300w\" sizes=\"(max-width: 623px) 100vw, 623px\" \/><\/a><p id=\"caption-attachment-1595\" class=\"wp-caption-text\">Gran V\u00eda desde El Club Gourmet de El Corte Ingl\u00e9s<\/p><\/div>\n<p>Muy urbana, por cierto, es la vista desde <strong>El Club Gourmet de El Corte Ingl\u00e9s <\/strong>de la plaza de Callao, en la novena planta, perfecto para tomar algo, comer en alguno de sus restaurantes o comprar delicias varias mientras contemplas el anuncio de Schweppes del <strong>edificio Capitol<\/strong> en primer plano. Por cierto, este edificio es un hotel, el <a title=\"Hotel Vincci Capitol\" href=\"http:\/\/www.esmadrid.com\/es\/cargarAplicacionHotel.do?identificador=531\" target=\"_blank\">Vincci Capitol<\/a>, que cuenta tambi\u00e9n con unas vistas sensacionales de la Gran V\u00eda.<\/p>\n<p>Seguro que est\u00e1is de acuerdo conmigo si os digo que a m\u00ed lo que me gusta es encontrar un lugar con buenas vistas a la hora del atardecer. Ah\u00ed van mis dos sitios preferidos: el <a title=\"Templo de Debod\" href=\"http:\/\/www.esmadrid.com\/es\/templo-debod\" target=\"_blank\"><strong>Templo de Debod<\/strong><\/a>, con toda la Casa de Campo a nuestros pies, y el <strong>Cerro del T\u00edo P\u00edo<\/strong>, o, como todo el mundo lo conoce, el parque de las siete tetas, por las suaves formas de sus colinas, en el barrio de Vallecas. Ya en las afueras, desde el <strong>Cerro de los \u00c1ngeles<\/strong>, el <em>skyline\u00a0<\/em>de la ciudad parece fundirse con la sierra. Y a vosotros, \u00bfqu\u00e9 mirador os gusta m\u00e1s? \u00bfCu\u00e1l es vuestro favorito?<\/p>\n<div id=\"attachment_1596\" style=\"width: 633px\" class=\"wp-caption aligncenter\"><a href=\"https:\/\/blog.esmadrid.com\/blog\/es\/wp-content\/uploads\/2013\/05\/cerro-de-los-ngeles.jpg\"><img aria-describedby=\"caption-attachment-1596\" loading=\"lazy\" class=\"size-full wp-image-1596\" title=\"Madrid desde el Cerro de los \u00c1ngeles\" src=\"https:\/\/blog.esmadrid.com\/blog\/es\/wp-content\/uploads\/2013\/05\/cerro-de-los-ngeles.jpg\" alt=\"Madrid desde el Cerro de los \u00c1ngeles\" width=\"623\" height=\"356\" srcset=\"https:\/\/blog.esmadrid.com\/blog\/es\/wp-content\/uploads\/2013\/05\/cerro-de-los-ngeles.jpg 623w, https:\/\/blog.esmadrid.com\/blog\/es\/wp-content\/uploads\/2013\/05\/cerro-de-los-ngeles-300x171.jpg 300w\" sizes=\"(max-width: 623px) 100vw, 623px\" \/><\/a><p id=\"caption-attachment-1596\" class=\"wp-caption-text\">Madrid desde el Cerro de los \u00c1ngeles<\/p><\/div>\n","protected":false},"excerpt":{"rendered":"<p>Si hay algo que hacemos todos cuando salimos de viaje es buscar un lugar para obtener las mejores vistas de la ciudad que hayamos elegido para nuestras vacaciones. No podemos evitarlo: nos gustan las terrazas de los hoteles, los bares instalados en azoteas, los ascensores con paredes de cristal, las torres\u2026 No hay v\u00e9rtigo que [&hellip;]<\/p>\n","protected":false},"author":6,"featured_media":1592,"comment_status":"open","ping_status":"open","sticky":false,"template":"","format":"standard","meta":[],"categories":[1],"tags":[18,168,90,9],"_links":{"self":[{"href":"https:\/\/blog.esmadrid.com\/blog\/es\/wp-json\/wp\/v2\/posts\/1589"}],"collection":[{"href":"https:\/\/blog.esmadrid.com\/blog\/es\/wp-json\/wp\/v2\/posts"}],"about":[{"href":"https:\/\/blog.esmadrid.com\/blog\/es\/wp-json\/wp\/v2\/types\/post"}],"author":[{"embeddable":true,"href":"https:\/\/blog.esmadrid.com\/blog\/es\/wp-json\/wp\/v2\/users\/6"}],"replies":[{"embeddable":true,"href":"https:\/\/blog.esmadrid.com\/blog\/es\/wp-json\/wp\/v2\/comments?post=1589"}],"version-history":[{"count":10,"href":"https:\/\/blog.esmadrid.com\/blog\/es\/wp-json\/wp\/v2\/posts\/1589\/revisions"}],"predecessor-version":[{"id":1697,"href":"https:\/\/blog.esmadrid.com\/blog\/es\/wp-json\/wp\/v2\/posts\/1589\/revisions\/1697"}],"wp:featuredmedia":[{"embeddable":true,"href":"https:\/\/blog.esmadrid.com\/blog\/es\/wp-json\/wp\/v2\/media\/1592"}],"wp:attachment":[{"href":"https:\/\/blog.esmadrid.com\/blog\/es\/wp-json\/wp\/v2\/media?parent=1589"}],"wp:term":[{"taxonomy":"category","embeddable":true,"href":"https:\/\/blog.esmadrid.com\/blog\/es\/wp-json\/wp\/v2\/categories?post=1589"},{"taxonomy":"post_tag","embeddable":true,"href":"https:\/\/blog.esmadrid.com\/blog\/es\/wp-json\/wp\/v2\/tags?post=1589"}],"curies":[{"name":"wp","href":"https:\/\/api.w.org\/{rel}","templated":true}]}}