{"id":3641,"date":"2015-04-28T13:40:46","date_gmt":"2015-04-28T12:40:46","guid":{"rendered":"http:\/\/blog.esmadrid.com\/blog\/es\/?p=3641"},"modified":"2015-05-08T12:49:41","modified_gmt":"2015-05-08T11:49:41","slug":"otros-museos-en-serrano","status":"publish","type":"post","link":"https:\/\/blog.esmadrid.com\/blog\/es\/2015\/04\/28\/otros-museos-en-serrano\/","title":{"rendered":"Otros museos en Serrano"},"content":{"rendered":"<div id=\"attachment_3654\" style=\"width: 633px\" class=\"wp-caption aligncenter\"><img aria-describedby=\"caption-attachment-3654\" loading=\"lazy\" class=\" wp-image-3654\" title=\"Sal\u00f3n de baile del Museo L\u00e1zaro Galdiano\" src=\"https:\/\/blog.esmadrid.com\/blog\/es\/wp-content\/uploads\/2015\/04\/antiguo_salon_de_baile_del_museo_lazaro_galdiano_.jpg\" alt=\"\" width=\"623\" height=\"356\" srcset=\"https:\/\/blog.esmadrid.com\/blog\/es\/wp-content\/uploads\/2015\/04\/antiguo_salon_de_baile_del_museo_lazaro_galdiano_.jpg 623w, https:\/\/blog.esmadrid.com\/blog\/es\/wp-content\/uploads\/2015\/04\/antiguo_salon_de_baile_del_museo_lazaro_galdiano_-300x171.jpg 300w\" sizes=\"(max-width: 623px) 100vw, 623px\" \/><p id=\"caption-attachment-3654\" class=\"wp-caption-text\">Sal\u00f3n de baile del Museo L\u00e1zaro Galdiano<\/p><\/div>\n<p>Adem\u00e1s del <a href=\"https:\/\/blog.esmadrid.com\/blog\/es\/2014\/04\/02\/el-arqueologico\/\">Museo Arqueol\u00f3gico Nacional<\/a>, que en el primer a\u00f1o de apertura tras su restauraci\u00f3n ha recibido casi un mill\u00f3n de visitantes, en el <strong>Barrio de Salamanca<\/strong> se encuentran varias instituciones de especial inter\u00e9s para curiosos y amantes del arte. Estas son el <a href=\"http:\/\/www.esmadrid.com\/informacion-turistica\/museo-carlos-de-amberes-madrid\/\" target=\"_blank\">Museo Carlos de Amberes<\/a>, que ofrece un amplio recorrido por el arte flamenco del siglo XVII, la <a href=\"http:\/\/www.esmadrid.com\/informacion-turistica\/fundacion-manuel-benedito\/\" target=\"_blank\">Fundaci\u00f3n Manuel Benedito<\/a>, disc\u00edpulo de Joaqu\u00edn Sorolla, y el <a href=\"http:\/\/www.esmadrid.com\/informacion-turistica\/museo-lazaro-galdiano\/\" target=\"_blank\">Museo L\u00e1zaro Galdiano<\/a>, creada por uno de los m\u00e1s exquisitos coleccionistas de principios del siglo XX.<\/p>\n<p><!--more--><\/p>\n<p>En paralelo a Serrano discurre la tranquila <strong>Calle de Claudio Coello<\/strong>. Algunos de sus secretos, guardados con discreci\u00f3n por los vecinos del barrio, son el excelente <a href=\"http:\/\/www.esmadrid.com\/compras\/mercado-de-la-paz\/\" target=\"_blank\">Mercado de la Paz<\/a>, los jardines hist\u00f3ricos ocultos en el interior de varias manzanas y el <strong>Museo Carlos de Amberes<\/strong>, que se encuentra en la iglesia de San Andr\u00e9s de los Flamencos &#8211; la m\u00e1s antigua de la zona &#8211; y presenta una serie de pinturas, grabados y tapices procedentes de la fundaci\u00f3n hom\u00f3nima, y tambi\u00e9n de otras instituciones y colecciones privadas. Del <a href=\"http:\/\/www.esmadrid.com\/informacion-turistica\/museo-del-prado\/\" target=\"_blank\">Prado<\/a> son los elegantes retratos del archiduque Alberto de Austria y de la Infanta Isabel Clara Eugenia,\u00a0 en los que puede apreciarse tanto la mano de Rubens (rostro y manos) como la de Jan Brueghel el Viejo (paisaje). Tambi\u00e9n forma parte de los fondos de la pinacoteca madrile\u00f1a la <em>Fiesta de Nuestra Se\u00f1ora<\/em> <em>del Bosque<\/em>, en el que se representa una fiesta popular con todo lujo de detalles. Mae Lozano, mi Cicer\u00f3n en el museo, me comenta que el escritor Mario Vargas Llosa se entretuvo largo rato delante del cuadro de Denis van Alsloot cuando visit\u00f3 la sala. Adem\u00e1s se incluyen obras del Museo de Bellas Artes de Amberes, de la Fundaci\u00f3n Casa de Alba, de Patrimonio Nacional y de diversas colecciones privadas. Tal vez <em>El triunfo del tiempo<\/em>, tapiz de un taller de Bruselas, sea la obra m\u00e1s sorprendente de todo el conjunto. Seg\u00fan explica el cat\u00e1logo, perteneci\u00f3 a la reina Isabel la Cat\u00f3lica y est\u00e1 basado en el poema de Petrarca <em>Los triunfos<\/em>. Llama la atenci\u00f3n el excelente estado de conservaci\u00f3n del cromatismo en la indumentaria y la flora.\u00a0 Antes de abandonar el museo es aconsejable echar un vistazo a su librer\u00eda, que ofrece una cuidada selecci\u00f3n de ensayos de arte, libros para ni\u00f1os y novedades.<\/p>\n<div id=\"attachment_3653\" style=\"width: 633px\" class=\"wp-caption aligncenter\"><img aria-describedby=\"caption-attachment-3653\" loading=\"lazy\" class=\"size-full wp-image-3653\" title=\"Tapiz Patrimonio Nacional\" src=\"https:\/\/blog.esmadrid.com\/blog\/es\/wp-content\/uploads\/2015\/04\/tapiz-patrimonio-nacional.jpg\" alt=\"\" width=\"623\" height=\"356\" srcset=\"https:\/\/blog.esmadrid.com\/blog\/es\/wp-content\/uploads\/2015\/04\/tapiz-patrimonio-nacional.jpg 623w, https:\/\/blog.esmadrid.com\/blog\/es\/wp-content\/uploads\/2015\/04\/tapiz-patrimonio-nacional-300x171.jpg 300w\" sizes=\"(max-width: 623px) 100vw, 623px\" \/><p id=\"caption-attachment-3653\" class=\"wp-caption-text\">Los funerales del rey Turno, muerto por Eneas. Patrimonio Nacional.<\/p><\/div>\n<p>Si seguimos por Claudio Coello hacia el norte y giramos por la segunda calle a la izquierda, o sea por Juan Bravo, nos encontramos con la <strong>Fundaci\u00f3n Manuel Benedito<\/strong>. Es imprescindible haber concertado antes una cita para visitar el peque\u00f1o museo dedicado al que seguramente fuera el mejor seguidor de Joaqu\u00edn Sorolla. No cabe duda de la influencia del maestro en algunos de los retratos de su primera \u00e9poca, aunque\u00a0 como me explica \u00a0Mar\u00eda Jes\u00fas Rodr\u00edguez de la Esperanza, directora de la fundaci\u00f3n, en la pintura de Manuel Benedito tambi\u00e9n es posible ver la huella de Ram\u00f3n Casas, Ignacio Pinazo y Julio Romero de Torres. El museo se presenta en un amplio local del bloque de viviendas que Secundino Zuazo levant\u00f3 sobre el solar de la casa del pintor, de la que se conserva la escalera y una barandilla de madera espectaculares.<\/p>\n<p>Sin embargo sigue en pie el palacete de Parque Florido, antigua residencia del editor <strong>Jos\u00e9 L\u00e1zaro Galdiano<\/strong> y sede de la fundaci\u00f3n que lleva su nombre. Este museo, para muchos expertos en arte el gran desconocido de Madrid, tiene unos excelentes fondos bibliogr\u00e1ficos, de pintura y artes decorativas atesorados entre finales del siglo XIX y principios del XX. Sorprende, respecto a otras colecciones espa\u00f1olas de la \u00e9poca, el inter\u00e9s por la pintura inglesa, con obras de Lely, Romney, Constable y Raynolds, y por el arte tardomedieval espa\u00f1ol, con excelentes ejemplos de la escuela aragonesa y castellana.\u00a0 Adem\u00e1s, destacan los Goyas, un <em>San Juan Bautista<\/em> de El Bosco y un misterioso Jesucristo lampi\u00f1o, el <em>Salvador adolescente<\/em>, durante a\u00f1os atribuido a Leonardo da Vinci y hoy considerado una obra de Boltraffio, como me explica la Conservadora Jefe Carmen Espinosa. Como habitualmente realizo junto a la poeta Vanesa P\u00e9rez-Sauquillo las <a href=\"http:\/\/www.flg.es\/agenda-de-actividades\/visitas-guiadas\/veladas-nocturnas-entre-poemas-recorrido-literatura-gotica#.VT-L1CHtmko\" target=\"_blank\">visitas literarias<\/a> en torno a la colecci\u00f3n del museo, podr\u00eda insistir mucho m\u00e1s en la extraordinaria n\u00f3mina de autores de \u201cel L\u00e1zaro Galdiano\u201d, pero la raz\u00f3n fundamental por la que este museo me parece diferencia a otros la encuentro en la suma de las partes. Aqu\u00ed las obras se suceden como si fueran las notas de una misma pieza musical. En definitiva es el retrato de su fundador, de sus gustos y de sus obsesiones.<\/p>\n<div id=\"attachment_3655\" style=\"width: 633px\" class=\"wp-caption aligncenter\"><img aria-describedby=\"caption-attachment-3655\" loading=\"lazy\" class=\"size-full wp-image-3655\" title=\"Venecia. Manuel Benedito\" src=\"https:\/\/blog.esmadrid.com\/blog\/es\/wp-content\/uploads\/2015\/04\/manuel-benedito.jpg\" alt=\"\" width=\"623\" height=\"356\" srcset=\"https:\/\/blog.esmadrid.com\/blog\/es\/wp-content\/uploads\/2015\/04\/manuel-benedito.jpg 623w, https:\/\/blog.esmadrid.com\/blog\/es\/wp-content\/uploads\/2015\/04\/manuel-benedito-300x171.jpg 300w\" sizes=\"(max-width: 623px) 100vw, 623px\" \/><p id=\"caption-attachment-3655\" class=\"wp-caption-text\"><em>Venecia<\/em> (1901). Manuel Benedito<\/p><\/div>\n","protected":false},"excerpt":{"rendered":"<p>Adem\u00e1s del Museo Arqueol\u00f3gico Nacional, que en el primer a\u00f1o de apertura tras su restauraci\u00f3n ha recibido casi un mill\u00f3n de visitantes, en el Barrio de Salamanca se encuentran varias instituciones de especial inter\u00e9s para curiosos y amantes del arte. Estas son el Museo Carlos de Amberes, que ofrece un amplio recorrido por el arte [&hellip;]<\/p>\n","protected":false},"author":7,"featured_media":3656,"comment_status":"open","ping_status":"open","sticky":false,"template":"","format":"standard","meta":[],"categories":[1],"tags":[37,198,25,9],"_links":{"self":[{"href":"https:\/\/blog.esmadrid.com\/blog\/es\/wp-json\/wp\/v2\/posts\/3641"}],"collection":[{"href":"https:\/\/blog.esmadrid.com\/blog\/es\/wp-json\/wp\/v2\/posts"}],"about":[{"href":"https:\/\/blog.esmadrid.com\/blog\/es\/wp-json\/wp\/v2\/types\/post"}],"author":[{"embeddable":true,"href":"https:\/\/blog.esmadrid.com\/blog\/es\/wp-json\/wp\/v2\/users\/7"}],"replies":[{"embeddable":true,"href":"https:\/\/blog.esmadrid.com\/blog\/es\/wp-json\/wp\/v2\/comments?post=3641"}],"version-history":[{"count":10,"href":"https:\/\/blog.esmadrid.com\/blog\/es\/wp-json\/wp\/v2\/posts\/3641\/revisions"}],"predecessor-version":[{"id":3753,"href":"https:\/\/blog.esmadrid.com\/blog\/es\/wp-json\/wp\/v2\/posts\/3641\/revisions\/3753"}],"wp:featuredmedia":[{"embeddable":true,"href":"https:\/\/blog.esmadrid.com\/blog\/es\/wp-json\/wp\/v2\/media\/3656"}],"wp:attachment":[{"href":"https:\/\/blog.esmadrid.com\/blog\/es\/wp-json\/wp\/v2\/media?parent=3641"}],"wp:term":[{"taxonomy":"category","embeddable":true,"href":"https:\/\/blog.esmadrid.com\/blog\/es\/wp-json\/wp\/v2\/categories?post=3641"},{"taxonomy":"post_tag","embeddable":true,"href":"https:\/\/blog.esmadrid.com\/blog\/es\/wp-json\/wp\/v2\/tags?post=3641"}],"curies":[{"name":"wp","href":"https:\/\/api.w.org\/{rel}","templated":true}]}}