{"id":4497,"date":"2015-08-31T12:22:46","date_gmt":"2015-08-31T11:22:46","guid":{"rendered":"http:\/\/blog.esmadrid.com\/blog\/es\/?p=4497"},"modified":"2017-05-18T09:20:02","modified_gmt":"2017-05-18T08:20:02","slug":"san-francisco-el-grande","status":"publish","type":"post","link":"https:\/\/blog.esmadrid.com\/blog\/es\/2015\/08\/31\/san-francisco-el-grande\/","title":{"rendered":"San Francisco el Grande"},"content":{"rendered":"<div id=\"attachment_4498\" style=\"width: 633px\" class=\"wp-caption aligncenter\"><img aria-describedby=\"caption-attachment-4498\" loading=\"lazy\" class=\"size-full wp-image-4498\" title=\"C\u00fapula 623x356\" src=\"https:\/\/blog.esmadrid.com\/blog\/es\/wp-content\/uploads\/2015\/08\/cpula-623x356.jpg\" alt=\"\" width=\"623\" height=\"356\" srcset=\"https:\/\/blog.esmadrid.com\/blog\/es\/wp-content\/uploads\/2015\/08\/cpula-623x356.jpg 623w, https:\/\/blog.esmadrid.com\/blog\/es\/wp-content\/uploads\/2015\/08\/cpula-623x356-300x171.jpg 300w\" sizes=\"(max-width: 623px) 100vw, 623px\" \/><p id=\"caption-attachment-4498\" class=\"wp-caption-text\">C\u00fapula de San Francisco el Grande, de 33 metros de di\u00e1metro.<\/p><\/div>\n<p>Pocos edificios de Madrid me parecen tan imponentes como la <a href=\"http:\/\/www.esmadrid.com\/informacion-turistica\/san-francisco-el-grande\" target=\"_blank\">Real Bas\u00edlica de San Francisco el Grande<\/a>, en el <a href=\"http:\/\/www.esmadrid.com\/barrios-de-madrid\/latina\" target=\"_blank\"><strong>Barrio de la Latina<\/strong><\/a>. Su c\u00fapula, una de las mayores del mundo, da car\u00e1cter al <em>sky-line<\/em> de la ciudad.<\/p>\n<p><!--more--><\/p>\n<p>Desde <a href=\"http:\/\/www.esmadrid.com\/barrios-de-madrid\/madrid-rio\" target=\"_blank\">Madrid R\u00edo<\/a>, desde la <a href=\"http:\/\/www.esmadrid.com\/barrios-de-madrid\/casa-campo\" target=\"_blank\">Casa de Campo<\/a> o desde los <a href=\"http:\/\/www.esmadrid.com\/informacion-turistica\/jardines-del-templo-de-debod\" target=\"_blank\">Jardines del Templo de Debod<\/a>, San Francisco el Grande aparece anclada en lo alto de la cornisa en la que se sit\u00faa el viejo Madrid, como si fuera un globo que est\u00e1 a punto de echarse a volar. Muchos turistas la confunden con la Almudena y si bien no existi\u00f3 el proyecto de transformar este templo en catedral, s\u00ed rond\u00f3 la idea de convertirlo en Sal\u00f3n de Cortes. Su historia est\u00e1 marcada por ser uno de los monumentos m\u00e1s ic\u00f3nicos de Madrid, objeto de varios proyectos fallidos para engrandecer la ciudad, como la espectacular pasarela propuesta 1810 que unir\u00eda la bas\u00edlica con el Palacio Real. Sin embargo ha servido de caballerizas, durante el reinado de Jos\u00e9 Bonaparte, y de cuartel de infanter\u00eda, despu\u00e9s de la desamortizaci\u00f3n de Mendiz\u00e1bal. Y durante algunos a\u00f1os, de 1869 a 1874, una de sus capillas tuvo la funci\u00f3n de <strong>Pante\u00f3n Nacional<\/strong>, al que trajeron los restos de Calder\u00f3n de la Barca, Garcilaso de la Vega o Francisco de Quevedo, entro otros ilustres prohombres que hoy ya no descansan aqu\u00ed. De todas las funciones que ha tenido este edificio, tal vez la m\u00e1s notable sea la que tuvo durante la Guerra Civil, cuando el gobierno de la Rep\u00fablica decidi\u00f3 incautar las obras de arte existentes en Madrid y reunirlas todas bajo la gran c\u00fapula de San Francisco el Grande, para protegerlas de posibles atentados.<\/p>\n<div id=\"attachment_4501\" style=\"width: 633px\" class=\"wp-caption aligncenter\"><img aria-describedby=\"caption-attachment-4501\" loading=\"lazy\" class=\"size-full wp-image-4501\" title=\"San Franciso el Grande y Goya\" src=\"https:\/\/blog.esmadrid.com\/blog\/es\/wp-content\/uploads\/2015\/08\/san-franciso-el-grande-y-goya.jpg\" alt=\"\" width=\"623\" height=\"356\" srcset=\"https:\/\/blog.esmadrid.com\/blog\/es\/wp-content\/uploads\/2015\/08\/san-franciso-el-grande-y-goya.jpg 623w, https:\/\/blog.esmadrid.com\/blog\/es\/wp-content\/uploads\/2015\/08\/san-franciso-el-grande-y-goya-300x171.jpg 300w\" sizes=\"(max-width: 623px) 100vw, 623px\" \/><p id=\"caption-attachment-4501\" class=\"wp-caption-text\">Fachada. \u00abSan Bernardino de Siena predicando ante Alfonso V de Arag\u00f3n\u00bb,Goya.<\/p><\/div>\n<p>Volvamos al principio. Seg\u00fan cuenta la leyenda, el propio San Francisco de As\u00eds, en su peregrinaje a Santiago de Compostela, fund\u00f3 en el a\u00f1o 1217 un convento-ermita en este mismo lugar. La construcci\u00f3n de un nuevo templo no llegar\u00eda hasta 1761, cuando el fraile Francisco Cabezas y Jos\u00e9 de Hermosilla comenzaron a levantar el edificio. Ser\u00eda Antonio Plo quien cerrase la c\u00fapula en 1770 y en 1776 Francisco Sabatini, autor de la Puerta de Alcal\u00e1, dise\u00f1ar\u00eda la fachada principal que, como el tel\u00f3n de un teatro, oculta el interior de la bas\u00edlica. Al entrar me asombra un espacio circular ampl\u00edsimo, <strong>cubierto por una sola c\u00fapula de 33 metros de di\u00e1metro<\/strong>, la tercera m\u00e1s grande de la cristiandad despu\u00e9s del Pante\u00f3n de Roma (43,4 m) \u2013 edificio con el que tiene una clara relaci\u00f3n compositiva \u2013, San Pedro del Vaticano (42,5 m) y Santa Mar\u00eda de las Flores en Florencia (42 m) y superior a las de Santa Sof\u00eda en Estambul (31,8 m), la catedral de San Pablo de Londres (30,8 m) y los Inv\u00e1lidos en Par\u00eds (24 m).<\/p>\n<p>Mientras su arquitectura es muy caracter\u00edstica del Madrid dieciochesco, a medio camino entre el barroco y el clasicismo, la decoraci\u00f3n de la mayor parte de sus capillas, casi todas terminadas en el siglo XIX, me hacen pensar en un <strong>museo de arte \u201cfin de siglo\u201d<\/strong>. Me fascina el dramatismo algo afectado de \u00a0las pinturas de Carlos Luis de Ribera y Fieve, Castro Plasencia o Alejandro Ferrant, todos ellos autores muy conocidos en la \u00e9poca, y las contundentes esculturas de Mariano Benlliure y Ricardo Bellever, autor del popular monumento al <a href=\"http:\/\/www.esmadrid.com\/informacion-turistica\/el-angel-caido\" target=\"_blank\">\u00c1ngel Ca\u00eddo<\/a>. El azar, muy caprichoso, ha hecho que en la capilla de la Pasi\u00f3n se presenten, una frente a otra, las pinturas de Antonio Mu\u00f1oz Degra\u00edn y de Jos\u00e9 Moreno Carbonero, maestros respectivamente de Pablo Picasso y Salvador Dal\u00ed, los dos grandes rivales del arte espa\u00f1ol del siglo XX. Pero ninguna de \u00e9stas fue la pieza m\u00e1s cara de la decoraci\u00f3n de la bas\u00edlica. Por 150.000 pesetas de entonces, tres veces m\u00e1s de lo que hab\u00edan costado las siete puertas de nogal que dan acceso al templo, Juan Gonz\u00e1lez realiz\u00f3 en hierro dulce unas cancelas historiadas con los emblemas de Alfonso XII y de la orden franciscana custodiados por unos fant\u00e1sticos dragones.<\/p>\n<div id=\"attachment_4500\" style=\"width: 633px\" class=\"wp-caption aligncenter\"><img aria-describedby=\"caption-attachment-4500\" loading=\"lazy\" class=\"size-full wp-image-4500\" title=\"Cancela 623x356\" src=\"https:\/\/blog.esmadrid.com\/blog\/es\/wp-content\/uploads\/2015\/08\/cancela-623x356.jpg\" alt=\"\" width=\"623\" height=\"356\" srcset=\"https:\/\/blog.esmadrid.com\/blog\/es\/wp-content\/uploads\/2015\/08\/cancela-623x356.jpg 623w, https:\/\/blog.esmadrid.com\/blog\/es\/wp-content\/uploads\/2015\/08\/cancela-623x356-300x171.jpg 300w\" sizes=\"(max-width: 623px) 100vw, 623px\" \/><p id=\"caption-attachment-4500\" class=\"wp-caption-text\">Cancela de hierro dulce.<\/p><\/div>\n<p>Ahora bien, la mayor parte de los turistas que se acercan hasta San Francisco el Grande no vienen a contemplar la obra de ninguno de estos artistas, hoy pr\u00e1cticamente olvidados. Vienen a ver las pinturas de <strong>Alonso Cano<\/strong> y <strong>Zurbar\u00e1n<\/strong>, en la sacrist\u00eda, y <strong>un cuadro de Goya<\/strong> que se encuentra en la capilla que est\u00e1 a la izquierda de la entrada. Su t\u00edtulo es \u201cSan Bernardino de Siena predicando ante Alfonso V de Arag\u00f3n\u201d. Por lo visto, para ganarse el favor de Carlos III, el pintor sustituy\u00f3 a Renato I de N\u00e1poles por su rival, Alfonso el Magn\u00e1nimo, de quien descend\u00eda el rey espa\u00f1ol. Tambi\u00e9n suele decirse que el personaje vestido de amarillo es un autorretrato del artista.<\/p>\n<p>Antes de abandonar la bas\u00edlica, que puede visitarse de martes a domingo de 10:30 a 12:30 y de 16:00 a 18:00 horas, me dirijo al altar mayor para ver parte de la exquisita siller\u00eda del siglo XVI realizada por Bartolom\u00e9 Fern\u00e1ndez para el Monasterio del Parral (Segovia). San Francisco el Grande, frecuentemente olvidado en el itinerario tur\u00edstico habitual, es sin lugar a dudas uno de los edificios religiosos m\u00e1s interesantes que conozco. No s\u00f3lo por la belleza de su arquitectura, tambi\u00e9n por haber sido el espejo en el que Madrid se ve\u00eda como una gran ciudad, merece la pena visitar la bas\u00edlica que fue pante\u00f3n, hospital, cuartel de infanter\u00eda y caballerizas y, tambi\u00e9n, escenario de tantos proyectos fallidos.<\/p>\n<div id=\"attachment_4499\" style=\"width: 633px\" class=\"wp-caption aligncenter\"><img aria-describedby=\"caption-attachment-4499\" loading=\"lazy\" class=\"size-full wp-image-4499\" title=\"Coro del Parral 623x356\" src=\"https:\/\/blog.esmadrid.com\/blog\/es\/wp-content\/uploads\/2015\/08\/coro-del-parral-623x356.jpg\" alt=\"\" width=\"623\" height=\"356\" srcset=\"https:\/\/blog.esmadrid.com\/blog\/es\/wp-content\/uploads\/2015\/08\/coro-del-parral-623x356.jpg 623w, https:\/\/blog.esmadrid.com\/blog\/es\/wp-content\/uploads\/2015\/08\/coro-del-parral-623x356-300x171.jpg 300w\" sizes=\"(max-width: 623px) 100vw, 623px\" \/><p id=\"caption-attachment-4499\" class=\"wp-caption-text\">Siller\u00eda procedente del Monasterio del Parral.<\/p><\/div>\n","protected":false},"excerpt":{"rendered":"<p>Pocos edificios de Madrid me parecen tan imponentes como la Real Bas\u00edlica de San Francisco el Grande, en el Barrio de la Latina. Su c\u00fapula, una de las mayores del mundo, da car\u00e1cter al sky-line de la ciudad.<\/p>\n","protected":false},"author":7,"featured_media":4502,"comment_status":"open","ping_status":"open","sticky":false,"template":"","format":"standard","meta":[],"categories":[1],"tags":[27,37,85,9],"_links":{"self":[{"href":"https:\/\/blog.esmadrid.com\/blog\/es\/wp-json\/wp\/v2\/posts\/4497"}],"collection":[{"href":"https:\/\/blog.esmadrid.com\/blog\/es\/wp-json\/wp\/v2\/posts"}],"about":[{"href":"https:\/\/blog.esmadrid.com\/blog\/es\/wp-json\/wp\/v2\/types\/post"}],"author":[{"embeddable":true,"href":"https:\/\/blog.esmadrid.com\/blog\/es\/wp-json\/wp\/v2\/users\/7"}],"replies":[{"embeddable":true,"href":"https:\/\/blog.esmadrid.com\/blog\/es\/wp-json\/wp\/v2\/comments?post=4497"}],"version-history":[{"count":15,"href":"https:\/\/blog.esmadrid.com\/blog\/es\/wp-json\/wp\/v2\/posts\/4497\/revisions"}],"predecessor-version":[{"id":8430,"href":"https:\/\/blog.esmadrid.com\/blog\/es\/wp-json\/wp\/v2\/posts\/4497\/revisions\/8430"}],"wp:featuredmedia":[{"embeddable":true,"href":"https:\/\/blog.esmadrid.com\/blog\/es\/wp-json\/wp\/v2\/media\/4502"}],"wp:attachment":[{"href":"https:\/\/blog.esmadrid.com\/blog\/es\/wp-json\/wp\/v2\/media?parent=4497"}],"wp:term":[{"taxonomy":"category","embeddable":true,"href":"https:\/\/blog.esmadrid.com\/blog\/es\/wp-json\/wp\/v2\/categories?post=4497"},{"taxonomy":"post_tag","embeddable":true,"href":"https:\/\/blog.esmadrid.com\/blog\/es\/wp-json\/wp\/v2\/tags?post=4497"}],"curies":[{"name":"wp","href":"https:\/\/api.w.org\/{rel}","templated":true}]}}