{"id":4562,"date":"2015-09-09T07:46:52","date_gmt":"2015-09-09T06:46:52","guid":{"rendered":"http:\/\/blog.esmadrid.com\/blog\/es\/?p=4562"},"modified":"2015-09-09T07:47:15","modified_gmt":"2015-09-09T06:47:15","slug":"septiembre-de-moda","status":"publish","type":"post","link":"https:\/\/blog.esmadrid.com\/blog\/es\/2015\/09\/09\/septiembre-de-moda\/","title":{"rendered":"Septiembre de moda"},"content":{"rendered":"<p>&nbsp;<\/p>\n<div id=\"attachment_4563\" style=\"width: 633px\" class=\"wp-caption aligncenter\"><img aria-describedby=\"caption-attachment-4563\" loading=\"lazy\" class=\"size-full wp-image-4563\" title=\"Mercedes-Benz Fashion Week Madrid\" src=\"https:\/\/blog.esmadrid.com\/blog\/es\/wp-content\/uploads\/2015\/09\/modelos_peinado.jpg\" alt=\"Mercedes-Benz Fashion Week Madrid\" width=\"623\" height=\"356\" srcset=\"https:\/\/blog.esmadrid.com\/blog\/es\/wp-content\/uploads\/2015\/09\/modelos_peinado.jpg 623w, https:\/\/blog.esmadrid.com\/blog\/es\/wp-content\/uploads\/2015\/09\/modelos_peinado-300x171.jpg 300w\" sizes=\"(max-width: 623px) 100vw, 623px\" \/><p id=\"caption-attachment-4563\" class=\"wp-caption-text\">Mercedes-Benz Fashion Week Madrid<\/p><\/div>\n<p>Septiembre acaba de dar el pistoletazo de salida y promete traer consigo una aut\u00e9ntica explosi\u00f3n de moda. Las <strong>grandes marcas y dise\u00f1adores<\/strong> escogen Madrid, ciudad en la que conviven una gran variedad de estilos y rangos, como <strong>escaparate internacional<\/strong> para presentar sus nuevas <strong>colecciones<\/strong>. Si quieres estar a la \u00faltima, desde Bloggin\u2019 Madrid te informamos de los grandes <strong>eventos<\/strong> que no te puedes perder este mes.<!--more--><\/p>\n<p>Las pasarelas inician su ritmo con <a title=\"Madrid Fashion Show\" href=\"http:\/\/www.mfshow.es\" target=\"_blank\"><strong>Madrid Fashion Show<\/strong><\/a> (7, 8, 9 de Septiembre), una nueva alternativa de <strong>pasarela independiente<\/strong> y privada que apuesta por la libertad creativa, tanto de hombre como de mujer. La <strong>Galer\u00eda de Cristal del Palacio de Cibeles<\/strong> como escenario hace que la ciudad viva la moda m\u00e1s cerca que nunca. Bloggin\u2019 Madrid apuesta por los dise\u00f1os del joven <strong>Juanma Cabez\u00f3n<\/strong>, que sigue una l\u00ednea muy minimalista y depurada. Si deseas adquirir las piezas de aquellos dise\u00f1adores con tienda propia en Madrid, no dudes en acudir a sus tiendas. Desde Bloggin\u2019 Madrid queremos hacer realidad las colecciones que posiblemente hayas visto estos d\u00edas, por eso te invitamos a visitar las tiendas de <strong>Mirto<\/strong> (Emilio Mu\u00f1oz, 47), <strong>SOLOiO<\/strong> (Gran V\u00eda, 40), <strong>Garciamadrid<\/strong> (Corredera Baja de San Pablo, 26), <strong>Cremieux<\/strong> (Vel\u00e1zquez, 20) y <strong>Tenkey<\/strong> (Lagasca, 25).<\/p>\n<p><img loading=\"lazy\" class=\"aligncenter size-full wp-image-4564\" title=\"\" src=\"https:\/\/blog.esmadrid.com\/blog\/es\/wp-content\/uploads\/2015\/09\/madrid-fashion-week.jpg\" alt=\"\" width=\"623\" height=\"356\" srcset=\"https:\/\/blog.esmadrid.com\/blog\/es\/wp-content\/uploads\/2015\/09\/madrid-fashion-week.jpg 623w, https:\/\/blog.esmadrid.com\/blog\/es\/wp-content\/uploads\/2015\/09\/madrid-fashion-week-300x171.jpg 300w\" sizes=\"(max-width: 623px) 100vw, 623px\" \/><\/p>\n<p>No es una pasarela al uso, aunque todos los visitantes de la ya famosa <a title=\"VFNO\" href=\"http:\/\/www.vogue.es\/fashionsnightout\" target=\"_blank\"><strong>Vogue Fashion&#8217;s Night Out<\/strong><\/a> \u00a0(10 de septiembre) se convierten en aut\u00e9nticos modelos y aguerridos creadores de tendencias. Referente internacional para el mundo de la moda. <strong>Glamour<\/strong>, buen gusto y diversi\u00f3n se citan en una misma <strong>noche<\/strong> en la que moda, belleza y <strong><em>shopping<\/em><\/strong> son los claros protagonistas. Pasea por las calles de Madrid como nunca lo hab\u00edas hecho antes con sus m\u00e1s de <strong>200 tiendas, hoteles y restaurantes<\/strong> que ampl\u00edan sus servicios hasta medianoche con ofertas especiales, espect\u00e1culos, DJs y muchas m\u00e1s sorpresas. Entre las muchas tiendas que participan en este gran evento, podemos encontrar ambiciosas acciones como la que realiza H<strong>&amp;<\/strong>M en los tres <em>flagship<\/em> stores que tiene en la capital (Gran V\u00eda 37, Gran V\u00eda 32 y Vel\u00e1zquez 36), las de la exclusivas <strong>Aristocrazy\u00a0<\/strong>(Serrano, 46) y <strong>Tous<\/strong> (Serrano 50), o las m\u00e1s novedosa marca nacida y establecida en Madrid <strong>Hutton<\/strong> (Padilla, 4).<\/p>\n<p><img loading=\"lazy\" class=\"aligncenter size-full wp-image-4565\" title=\"\" src=\"https:\/\/blog.esmadrid.com\/blog\/es\/wp-content\/uploads\/2015\/09\/vogue_fashions_night_out_amsterdam2.jpg\" alt=\"\" width=\"623\" height=\"356\" srcset=\"https:\/\/blog.esmadrid.com\/blog\/es\/wp-content\/uploads\/2015\/09\/vogue_fashions_night_out_amsterdam2.jpg 623w, https:\/\/blog.esmadrid.com\/blog\/es\/wp-content\/uploads\/2015\/09\/vogue_fashions_night_out_amsterdam2-300x171.jpg 300w\" sizes=\"(max-width: 623px) 100vw, 623px\" \/><\/p>\n<p>El testigo a este mes de moda lo recoge la <a href=\"http:\/\/www.ifema.es\/mercedesbenzfwm_01\/\" target=\"_blank\"><strong>Mercedes-Benz Fashion Week Madrid<\/strong><\/a> \u00a0(18-22 de septiembre, antigua Pasarela Cibeles). Madrid vuelve a convertirse en el foco de atenci\u00f3n con la antes conocida como, Cibeles Madrid Fashion Week. Tiene lugar en el recinto ferial de IFEMA. Se trata de una importante plataforma para la moda nacional donde se re\u00fanen los <strong>grandes dise\u00f1adores espa\u00f1oles<\/strong> para presentar sus nuevas propuestas para la pr\u00f3xima primavera. Por sus pasarelas desfilar\u00e1n nombres internacionalmente conocidos como: <strong>Mois\u00e9s Nieto<\/strong>, <strong>Davidelfin<\/strong>, <strong>Ana Locking<\/strong>, <strong>Juanjo Oliva<\/strong>, etc. Asimismo, la firma establecida en Madrid, <strong>Mar\u00eda Ke Fisherman<\/strong>, promete pisar muy fuerte en esta edici\u00f3n con dise\u00f1os provocativos y llenos de energ\u00eda. Una vez hayas visto sus colecciones, te proponemos una ruta de <strong>tiendas exclusivas<\/strong> con sabor 100% espa\u00f1ol. La afamada <strong>\u00c1gatha Ruiz de la Prada<\/strong> tiene su tienda en Serrano 27, pero si buscas un dise\u00f1o menos colorista y m\u00e1s experimental deber\u00edas ir a <strong>Alvarno<\/strong> (Hermosilla, 34), <strong>Amaya Arzuaga<\/strong> (Valverde, 33) o <strong>Ion Fiz<\/strong> (Gustavo Fern\u00e1ndez Balbuena, 11). Para los m\u00e1s cl\u00e1sicos pero con estilo, las tiendas de <strong>Roberto Verino<\/strong> (Serrano, 33) y <strong>Hannibal Laguna<\/strong> (Jorge Juan,35) son dos de las mejores opciones.<\/p>\n<p><a href=\"https:\/\/blog.esmadrid.com\/blog\/es\/2015\/09\/09\/septiembre-de-moda\/mercedes-benz-fashion-week-el-gran-motor-de-la-creacion-y-el-diseno-en-espana\/\" rel=\"attachment wp-att-4566\"><img loading=\"lazy\" class=\"aligncenter size-full wp-image-4566\" title=\"\" src=\"https:\/\/blog.esmadrid.com\/blog\/es\/wp-content\/uploads\/2015\/09\/mercedes-benz-fashion-week-el-gran-motor-de-la-creacion-y-el-diseno-en-espana.jpg\" alt=\"\" width=\"623\" height=\"356\" srcset=\"https:\/\/blog.esmadrid.com\/blog\/es\/wp-content\/uploads\/2015\/09\/mercedes-benz-fashion-week-el-gran-motor-de-la-creacion-y-el-diseno-en-espana.jpg 623w, https:\/\/blog.esmadrid.com\/blog\/es\/wp-content\/uploads\/2015\/09\/mercedes-benz-fashion-week-el-gran-motor-de-la-creacion-y-el-diseno-en-espana-300x171.jpg 300w\" sizes=\"(max-width: 623px) 100vw, 623px\" \/><\/a><\/p>\n<p>Pero en Madrid siempre ha habido un importante hueco para la innovaci\u00f3n y los nuevos talentos con <a href=\"http:\/\/www.ifema.es\/mercedesbenzfwm_01\/Ego\/index.htm\" target=\"_blank\"><strong>Samsung Ego<\/strong><\/a>. Este certamen se celebra en el mismo escenario y las mismas fechas que Mercedes Benz Fashion Week Madrid. Se trata de una pasarela que naci\u00f3 en 2006 especialmente para <strong>j\u00f3venes dise\u00f1adores<\/strong>, donde re\u00fanen y muestran sus formas de expresi\u00f3n a trav\u00e9s de propuestas alternativas y transgresoras. A nosotros, Bloggin\u2019 Madrid, nos gusta la frescura en cuanto a dise\u00f1o y <strong>Xavi Reyes<\/strong> deja ver en sus dise\u00f1os unos aires futuristas, juveniles e inspirados por la cultura de la calle.<\/p>\n<p><img loading=\"lazy\" class=\"aligncenter size-full wp-image-4567\" title=\"\" src=\"https:\/\/blog.esmadrid.com\/blog\/es\/wp-content\/uploads\/2015\/09\/samsung-ego.jpg\" alt=\"\" width=\"623\" height=\"356\" srcset=\"https:\/\/blog.esmadrid.com\/blog\/es\/wp-content\/uploads\/2015\/09\/samsung-ego.jpg 623w, https:\/\/blog.esmadrid.com\/blog\/es\/wp-content\/uploads\/2015\/09\/samsung-ego-300x171.jpg 300w\" sizes=\"(max-width: 623px) 100vw, 623px\" \/><\/p>\n<p>Sabes fechas, nombres y sitios. No te puedes perder el <em>tsunami<\/em> de tendencias que se avecina. Compras, pasarelas, <em>showroom<\/em>, <em>fitting<\/em>, <em>kissing room<\/em>, entrevistas\u2026 todo ello reunido en este loco mes de la moda m\u00e1s espa\u00f1ola.<\/p>\n","protected":false},"excerpt":{"rendered":"<p>&nbsp; Septiembre acaba de dar el pistoletazo de salida y promete traer consigo una aut\u00e9ntica explosi\u00f3n de moda. Las grandes marcas y dise\u00f1adores escogen Madrid, ciudad en la que conviven una gran variedad de estilos y rangos, como escaparate internacional para presentar sus nuevas colecciones. Si quieres estar a la \u00faltima, desde Bloggin\u2019 Madrid te [&hellip;]<\/p>\n","protected":false},"author":26,"featured_media":4568,"comment_status":"open","ping_status":"open","sticky":false,"template":"","format":"standard","meta":[],"categories":[4],"tags":[41,647,649,648,73,42],"_links":{"self":[{"href":"https:\/\/blog.esmadrid.com\/blog\/es\/wp-json\/wp\/v2\/posts\/4562"}],"collection":[{"href":"https:\/\/blog.esmadrid.com\/blog\/es\/wp-json\/wp\/v2\/posts"}],"about":[{"href":"https:\/\/blog.esmadrid.com\/blog\/es\/wp-json\/wp\/v2\/types\/post"}],"author":[{"embeddable":true,"href":"https:\/\/blog.esmadrid.com\/blog\/es\/wp-json\/wp\/v2\/users\/26"}],"replies":[{"embeddable":true,"href":"https:\/\/blog.esmadrid.com\/blog\/es\/wp-json\/wp\/v2\/comments?post=4562"}],"version-history":[{"count":3,"href":"https:\/\/blog.esmadrid.com\/blog\/es\/wp-json\/wp\/v2\/posts\/4562\/revisions"}],"predecessor-version":[{"id":4571,"href":"https:\/\/blog.esmadrid.com\/blog\/es\/wp-json\/wp\/v2\/posts\/4562\/revisions\/4571"}],"wp:featuredmedia":[{"embeddable":true,"href":"https:\/\/blog.esmadrid.com\/blog\/es\/wp-json\/wp\/v2\/media\/4568"}],"wp:attachment":[{"href":"https:\/\/blog.esmadrid.com\/blog\/es\/wp-json\/wp\/v2\/media?parent=4562"}],"wp:term":[{"taxonomy":"category","embeddable":true,"href":"https:\/\/blog.esmadrid.com\/blog\/es\/wp-json\/wp\/v2\/categories?post=4562"},{"taxonomy":"post_tag","embeddable":true,"href":"https:\/\/blog.esmadrid.com\/blog\/es\/wp-json\/wp\/v2\/tags?post=4562"}],"curies":[{"name":"wp","href":"https:\/\/api.w.org\/{rel}","templated":true}]}}