{"id":5800,"date":"2016-04-20T16:38:01","date_gmt":"2016-04-20T15:38:01","guid":{"rendered":"http:\/\/blog.esmadrid.com\/blog\/es\/?p=5800"},"modified":"2016-04-20T16:40:16","modified_gmt":"2016-04-20T15:40:16","slug":"el-madrid-de-love-of-lesbian","status":"publish","type":"post","link":"https:\/\/blog.esmadrid.com\/blog\/es\/2016\/04\/20\/el-madrid-de-love-of-lesbian\/","title":{"rendered":"El Madrid de Love of Lesbian"},"content":{"rendered":"<div id=\"attachment_5802\" style=\"width: 633px\" class=\"wp-caption aligncenter\"><img aria-describedby=\"caption-attachment-5802\" loading=\"lazy\" class=\"size-full wp-image-5802\" title=\"Los chicos de Love of Lesbian act\u00faan en La Riviera los d\u00edas 21, 22 y 23 de abri.\" src=\"https:\/\/blog.esmadrid.com\/blog\/es\/wp-content\/uploads\/2016\/04\/dsc_85901.jpg\" alt=\"Los chicos de Love of Lesbian act\u00faan en La Riviera los d\u00edas 21, 22 y 23 de abri.\" width=\"623\" height=\"356\" srcset=\"https:\/\/blog.esmadrid.com\/blog\/es\/wp-content\/uploads\/2016\/04\/dsc_85901.jpg 623w, https:\/\/blog.esmadrid.com\/blog\/es\/wp-content\/uploads\/2016\/04\/dsc_85901-300x171.jpg 300w\" sizes=\"(max-width: 623px) 100vw, 623px\" \/><p id=\"caption-attachment-5802\" class=\"wp-caption-text\">Los chicos de Love of Lesbian act\u00faan en La Riviera los d\u00edas 21, 22 y 23 de abril.<\/p><\/div>\n<p>Love of Lesbian, posiblemente el <strong>grupo de pop independiente m\u00e1s inspirado<\/strong> del panorama espa\u00f1ol, viene a Madrid los d\u00edas<strong> jueves 21, viernes 22 y s\u00e1bado 23 de abril<\/strong> para presentar en la <strong>Sala La Riviera<\/strong> su octavo \u00e1lbum <strong><em>El poeta Halley<\/em><\/strong>. El disco, que aparece en formato CD-disco-libro con trece canciones, acompa\u00f1adas de quince ilustraciones que el artista Sergio Mora realiz\u00f3 expresamente, cuenta con una colaboraci\u00f3n de Joan Manuel Serrat con un recitado en el \u00faltimo tema del disco, el que aporta el t\u00edtulo a la obra al completo.<!--more--><\/p>\n<p><img loading=\"lazy\" class=\"aligncenter size-full wp-image-5803\" title=\"\" src=\"https:\/\/blog.esmadrid.com\/blog\/es\/wp-content\/uploads\/2016\/04\/dsc_8497.jpg\" alt=\"\" width=\"623\" height=\"356\" srcset=\"https:\/\/blog.esmadrid.com\/blog\/es\/wp-content\/uploads\/2016\/04\/dsc_8497.jpg 623w, https:\/\/blog.esmadrid.com\/blog\/es\/wp-content\/uploads\/2016\/04\/dsc_8497-300x171.jpg 300w\" sizes=\"(max-width: 623px) 100vw, 623px\" \/><\/p>\n<p>Como admiradores de Bowie y de lo que todo lo que \u00e9ste destil\u00f3 en el universo del pop, se adivina una especie de traducci\u00f3n de Halley, alter-ego de <strong>Santi Balmes<\/strong> -letrista, compositor y cantante del grupo-, en una especie de Ziggy Stardust en clave literaria a la ib\u00e9rica\/espa\u00f1ola\/catalana. Balmes admite la comparaci\u00f3n: \u201cBien podr\u00eda ser, salvando las distancias claro. En realidad cuando escribes pensando en un alter ego es como llegar a una fiesta con un antifaz: pierdes perjuicios y esto te permite extremar m\u00e1s tus opiniones o lirismos\u201d. <em>El poeta Halley<\/em> es, sin lugar a dudas, un disco sobre la inspiraci\u00f3n musical: <strong>m\u00fasica dentro de la m\u00fasica<\/strong>, como un juego de mu\u00f1ecas rusas. Santi tambi\u00e9n se muestra de acuerdo: \u201cNo podr\u00eda definirlo mejor. En realidad, el <em>leitmotiv<\/em> que subyace dentro de este disco es un homenaje en s\u00ed mismo a las <strong>palabras<\/strong> y al acto de componer. Es decir, un homenaje al medio que aprovechamos para dedicar canciones de amor a personas. En este caso el medio se convierte en el fin\u201d.<\/p>\n<p>Los textos del disco, primorosamente trabajados y al m\u00e1s alto nivel en cuanto a letras en castellano, destila un regusto a concebir <strong>la vida como una tragicomedia<\/strong>: \u201cBueno, supongo que uno es lo suficientemente mayor como para pensar que la vida no es una comedia -ni tampoco un drama- al cien por cien. Cualquier postura extrema en ese sentido es injusta con la misma vida\u201d.<\/p>\n<p><iframe src=\"https:\/\/www.youtube.com\/embed\/vQisY3PDUJk?rel=0&amp;controls=0&amp;showinfo=0\" frameborder=\"0\" width=\"640\" height=\"360\"><\/iframe><\/p>\n<p>Balmes y los suyos se muestran <strong>especialmente ilusionados con este concierto en Madrid<\/strong>, para el que ya han vendido todas las entradas: \u201cEs el primer <em>show <\/em>de nuestra gira con toda la artiller\u00eda pesada; es decir, escenograf\u00eda, luces\u2026 Esperemos que en el primer concierto ya encaje todo\u201d. Una gran apuesta para un grupo que sigue obstinadamente por camino de la independencia, aunque la distribuci\u00f3n de sus discos corra ahora a cargo de una multinacional: \u201cBueno, en realidad nos gusta pensar que pertenecemos a una inmensa minor\u00eda; ya sabes, lo mismo que se dec\u00eda de la 2 hace unos a\u00f1os. Y esa <strong>inmensa minor\u00eda<\/strong>, responde cuando nosotros llamamos a su puerta\u201d. En concreto la puerta de Madrid es una puerta importante para Love Of Lesbian: \u201c<strong>Madrid supone la expansi\u00f3n<\/strong>. Nosotros sab\u00edamos que no iba a suceder nada en el resto del pa\u00eds hasta que no sucediera nada en Madrid. Genera <strong>una especie de explosi\u00f3n<\/strong> cuyo alcance llegar a todos los extremos de la pen\u00ednsula\u201d.<\/p>\n<p><img loading=\"lazy\" class=\"aligncenter size-full wp-image-5804\" title=\"\" src=\"https:\/\/blog.esmadrid.com\/blog\/es\/wp-content\/uploads\/2016\/04\/dsc_8273.jpg\" alt=\"\" width=\"623\" height=\"356\" srcset=\"https:\/\/blog.esmadrid.com\/blog\/es\/wp-content\/uploads\/2016\/04\/dsc_8273.jpg 623w, https:\/\/blog.esmadrid.com\/blog\/es\/wp-content\/uploads\/2016\/04\/dsc_8273-300x171.jpg 300w\" sizes=\"(max-width: 623px) 100vw, 623px\" \/><\/p>\n<p>El grupo, que ha brindado en concierto algunas de sus mejores actuaciones en Madrid, mantiene ya una relaci\u00f3n intima con ella: \u201cEn realidad tenemos muchos amigos y mucha complicidad con tant\u00edsima gente de la ciudad que nos resulta un poco complicado analizarlo fr\u00edamente. <strong>No nos consideramos para nada unos visitante<\/strong>s. En realidad es una de las ciudades m\u00e1s f\u00e1ciles para no sentirte un visitante. Madrid genera una <strong>sensaci\u00f3n de casa-com\u00fan<\/strong> para mucha gente. Obviamente somos de Barcelona y \u00a0consideramos que \u00e9sta es insustituible para nuestras vidas. Pero, supongo que debido a las nuevas comunicaciones de esta \u00faltima d\u00e9cada, Madrid es una ciudad mucho m\u00e1s cercana para uno de Barcelona que antes y eso genera desde experimentar poca pereza a la hora de viajar, a incrementar esos viajes muchas m\u00e1s veces que anteriormente, lo que hace que la familiaridad con ella sea tambi\u00e9n mucho m\u00e1s extrema\u201d.<\/p>\n<p><iframe src=\"https:\/\/www.youtube.com\/embed\/tZapJzlivGY?rel=0&amp;controls=0&amp;showinfo=0\" frameborder=\"0\" width=\"640\" height=\"360\"><\/iframe><\/p>\n<p>Balmes recuerda de modo especial alguna de sus visitas para tocar en la capital: \u201cCon el disco <em>1999<\/em>, o un concierto que tocamos junto a De La Fe y Las Flores Azules. Fue entonces ese momento en el que vimos Madrid ya como<strong> una plaza fija<\/strong> y una plaza que iba a suponer un antes y un despu\u00e9s. Signific\u00f3 un \u00ablo conseguimos\u00bb\u201d. Tambi\u00e9n hay an\u00e9cdotas que rese\u00f1ar: \u201cUna vez, con nuestro segundo disco en ingl\u00e9s, no pod\u00edamos aparcar la furgoneta en ning\u00fan parking debido a la altura y al final, como nos hosped\u00e1bamos en una pensi\u00f3n de mala muerte en <strong>Gran V\u00eda<\/strong> situada en un quinto piso, nos dio a todos por subir todo el instrumental -bater\u00eda, amplificadores, guitarras\u2026- por las escaleras, hasta acabar m\u00e1s exhaustos que lo que hab\u00eda sido el concierto, al cual, hab\u00edan venido solamente dos chicas, quienes al verse solas se largaron r\u00e1pidamente porque se sintieron absolutamente imb\u00e9ciles y fuera de moda, ja ja ja\u2026\u201d.<\/p>\n<p><strong>Los rincones madrile\u00f1os de Santi Balmes:<\/strong><\/p>\n<p><strong>&#8211; Plaza de Santa Mar\u00eda de la Soledad Torres\u00a0Acosta.<\/strong> A m\u00ed me gusta , y no s\u00e9 a\u00fan el porqu\u00e9, te lo juro, la plaza donde estaba el cine Luna, ya que alguna vez hice alg\u00fan concierto ac\u00fastico donde me sent\u00ed particularmente conectado a esa extra\u00f1a plaza desolada, y mira que no es una maravilla precisamente.<\/p>\n<div id=\"attachment_5805\" style=\"width: 633px\" class=\"wp-caption aligncenter\"><img aria-describedby=\"caption-attachment-5805\" loading=\"lazy\" class=\"size-full wp-image-5805\" title=\"Museo del Prado\" src=\"https:\/\/blog.esmadrid.com\/blog\/es\/wp-content\/uploads\/2016\/04\/paseo_prado_0013.jpg\" alt=\"Museo del Prado\" width=\"623\" height=\"356\" srcset=\"https:\/\/blog.esmadrid.com\/blog\/es\/wp-content\/uploads\/2016\/04\/paseo_prado_0013.jpg 623w, https:\/\/blog.esmadrid.com\/blog\/es\/wp-content\/uploads\/2016\/04\/paseo_prado_0013-300x171.jpg 300w\" sizes=\"(max-width: 623px) 100vw, 623px\" \/><p id=\"caption-attachment-5805\" class=\"wp-caption-text\">Museo del Prado<\/p><\/div>\n<p><strong>&#8211; El Museo del Prado.<\/strong> Me relaja mucho ir all\u00ed, por no hablar de Oxford Street y Covent Garden\u2026 \u00a1ja, ja, ja!<\/p>\n<p><strong><img loading=\"lazy\" class=\"aligncenter size-full wp-image-5806\" title=\"\" src=\"https:\/\/blog.esmadrid.com\/blog\/es\/wp-content\/uploads\/2016\/04\/f_e_jb_1009_gd_gran_via_35.jpg\" alt=\"\" width=\"623\" height=\"356\" srcset=\"https:\/\/blog.esmadrid.com\/blog\/es\/wp-content\/uploads\/2016\/04\/f_e_jb_1009_gd_gran_via_35.jpg 623w, https:\/\/blog.esmadrid.com\/blog\/es\/wp-content\/uploads\/2016\/04\/f_e_jb_1009_gd_gran_via_35-300x171.jpg 300w\" sizes=\"(max-width: 623px) 100vw, 623px\" \/><\/strong><\/p>\n<p><strong>&#8211; La Gran V\u00eda.<\/strong> Supongo que hay all\u00ed algo que me dej\u00f3 realmente alterado. Es una combinaci\u00f3nnentre la Ramblas de Barcelona y una avenida se\u00f1orial, pero su circuito serpenteante y la fauna, una mezcla entre se\u00f1or\u00edo y muchedumbre variopinta, me genera alg\u00fan tipo de fricci\u00f3n.<\/p>\n<p><strong>&#8211; Bar El Fotomat\u00f3n.<\/strong> Lugar de encuentro <em>lesbiano, <\/em>ya que es parte de la vida de nuestro bajista en Madrid.<\/p>\n<p><strong>&#8211; El Toni 2.<\/strong> Lugar canalla y con olor a decadencia ib\u00e9rica. Sitio de \u00faltima copa y hasta luego Lucas.<\/p>\n<p>&nbsp;<\/p>\n","protected":false},"excerpt":{"rendered":"<p>Love of Lesbian, posiblemente el grupo de pop independiente m\u00e1s inspirado del panorama espa\u00f1ol, viene a Madrid los d\u00edas jueves 21, viernes 22 y s\u00e1bado 23 de abril para presentar en la Sala La Riviera su octavo \u00e1lbum El poeta Halley. El disco, que aparece en formato CD-disco-libro con trece canciones, acompa\u00f1adas de quince ilustraciones [&hellip;]<\/p>\n","protected":false},"author":41,"featured_media":5807,"comment_status":"open","ping_status":"open","sticky":false,"template":"","format":"standard","meta":[],"categories":[5],"tags":[196,665,603],"_links":{"self":[{"href":"https:\/\/blog.esmadrid.com\/blog\/es\/wp-json\/wp\/v2\/posts\/5800"}],"collection":[{"href":"https:\/\/blog.esmadrid.com\/blog\/es\/wp-json\/wp\/v2\/posts"}],"about":[{"href":"https:\/\/blog.esmadrid.com\/blog\/es\/wp-json\/wp\/v2\/types\/post"}],"author":[{"embeddable":true,"href":"https:\/\/blog.esmadrid.com\/blog\/es\/wp-json\/wp\/v2\/users\/41"}],"replies":[{"embeddable":true,"href":"https:\/\/blog.esmadrid.com\/blog\/es\/wp-json\/wp\/v2\/comments?post=5800"}],"version-history":[{"count":5,"href":"https:\/\/blog.esmadrid.com\/blog\/es\/wp-json\/wp\/v2\/posts\/5800\/revisions"}],"predecessor-version":[{"id":5812,"href":"https:\/\/blog.esmadrid.com\/blog\/es\/wp-json\/wp\/v2\/posts\/5800\/revisions\/5812"}],"wp:featuredmedia":[{"embeddable":true,"href":"https:\/\/blog.esmadrid.com\/blog\/es\/wp-json\/wp\/v2\/media\/5807"}],"wp:attachment":[{"href":"https:\/\/blog.esmadrid.com\/blog\/es\/wp-json\/wp\/v2\/media?parent=5800"}],"wp:term":[{"taxonomy":"category","embeddable":true,"href":"https:\/\/blog.esmadrid.com\/blog\/es\/wp-json\/wp\/v2\/categories?post=5800"},{"taxonomy":"post_tag","embeddable":true,"href":"https:\/\/blog.esmadrid.com\/blog\/es\/wp-json\/wp\/v2\/tags?post=5800"}],"curies":[{"name":"wp","href":"https:\/\/api.w.org\/{rel}","templated":true}]}}