{"id":7930,"date":"2017-02-02T09:24:15","date_gmt":"2017-02-02T08:24:15","guid":{"rendered":"http:\/\/blog.esmadrid.com\/blog\/es\/?p=7930"},"modified":"2017-02-03T08:17:05","modified_gmt":"2017-02-03T07:17:05","slug":"el-rastro-y-otros-mercados","status":"publish","type":"post","link":"https:\/\/blog.esmadrid.com\/blog\/es\/2017\/02\/02\/el-rastro-y-otros-mercados\/","title":{"rendered":"El Rastro y otros mercados"},"content":{"rendered":"<div id=\"attachment_7939\" style=\"width: 633px\" class=\"wp-caption aligncenter\"><img aria-describedby=\"caption-attachment-7939\" loading=\"lazy\" class=\"size-full wp-image-7939\" title=\"Todos los festivos y domingos por la ma\u00f1ana tienes una cita imprescindible en El Rastro, el mercado m\u00e1s antiguo de Madrid.\" src=\"https:\/\/blog.esmadrid.com\/blog\/es\/wp-content\/uploads\/2017\/02\/rastro.jpg\" alt=\"Todos los festivos y domingos por la ma\u00f1ana tienes una cita imprescindible en El Rastro, el mercado m\u00e1s antiguo de Madrid.\" width=\"623\" height=\"356\" srcset=\"https:\/\/blog.esmadrid.com\/blog\/es\/wp-content\/uploads\/2017\/02\/rastro.jpg 623w, https:\/\/blog.esmadrid.com\/blog\/es\/wp-content\/uploads\/2017\/02\/rastro-300x171.jpg 300w\" sizes=\"(max-width: 623px) 100vw, 623px\" \/><p id=\"caption-attachment-7939\" class=\"wp-caption-text\">Todos los festivos y domingos por la ma\u00f1ana tienes una cita imprescindible en El Rastro.<\/p><\/div>\n<p>Mucho antes de que Joaqu\u00edn Sabina acudiera<strong> cada domingo<\/strong> a comprar carricoches de miga de pan y soldaditos de lata, <a href=\"http:\/\/www.esmadrid.com\/compras\/el-rastro\" target=\"_blank\">El Rastro<\/a> ya exist\u00eda. Para Ram\u00f3n G\u00f3mez de la Serna era \u201c<em>un sitio ameno y dram\u00e1tico, irrisible y grave<\/em>\u201d propio de los suburbios de toda ciudad. Para Gald\u00f3s, una \u00abacademia del despojo social\u00bb, por la que a Jacinta, protagonista de una de sus novelas m\u00e1s famosas, le costaba abrirse paso: \u201c<em>El suelo, intransitable, pon\u00eda obst\u00e1culos sin fin, pilas de c\u00e1ntaros y vasijas ante los pies del gent\u00edo presuroso, y la vibraci\u00f3n de los adoquines al paso de los carros parec\u00eda haber bailar a personas y cacharros<\/em>\u201d. El Rastro es \u201c<em>un Museo del Prado puesto del rev\u00e9s<\/em>\u201d, que dir\u00eda el cronista Luis Carandell, un lugar que desde el siglo XVIII hasta nuestros d\u00edas es<strong> uno de los rincones m\u00e1s genuinos del viejo Madrid<\/strong>.<!--more--><\/p>\n<div id=\"attachment_7942\" style=\"width: 633px\" class=\"wp-caption aligncenter\"><img aria-describedby=\"caption-attachment-7942\" loading=\"lazy\" class=\"size-full wp-image-7942\" title=\"La gente va y viene entre los puestos de El Rastro, uno de los sitios favoritos de los madrile\u00f1os.\" src=\"https:\/\/blog.esmadrid.com\/blog\/es\/wp-content\/uploads\/2017\/02\/1rastrof_e_mm_0017_gd_terrazas18.jpg\" alt=\"La gente va y viene entre los puestos de El Rastro, uno de los sitios favoritos de los madrile\u00f1os.\" width=\"623\" height=\"356\" srcset=\"https:\/\/blog.esmadrid.com\/blog\/es\/wp-content\/uploads\/2017\/02\/1rastrof_e_mm_0017_gd_terrazas18.jpg 623w, https:\/\/blog.esmadrid.com\/blog\/es\/wp-content\/uploads\/2017\/02\/1rastrof_e_mm_0017_gd_terrazas18-300x171.jpg 300w\" sizes=\"(max-width: 623px) 100vw, 623px\" \/><p id=\"caption-attachment-7942\" class=\"wp-caption-text\">La gente va y viene entre los puestos de El Rastro, uno de los sitios favoritos de los madrile\u00f1os.<\/p><\/div>\n<p>\u00bfNos damos una vuelta? A nuestro paso aparecer\u00e1n puestos con <strong>ropa de segunda mano, libros antiguos, muebles, cacharros, alguna que otra joya rescatada del ba\u00fal de la abuela, juguetes de hojalata, c\u00f3mics y muchas, muchas, peque\u00f1as cosas<\/strong>. La cita es los domingos por la ma\u00f1ana, y tambi\u00e9n los festivos, aunque la mayor parte de las<strong> tiendas de anticuarios y almonedas<\/strong> que rodean El Rastro abren durante toda la semana. Pero situ\u00e9monos primero. El mercado al aire libre m\u00e1s famoso de Madrid se extiende entre los barrios de <a href=\"http:\/\/www.esmadrid.com\/barrios-de-madrid\/latina\" target=\"_blank\"><strong>La Latina<\/strong><\/a> y <a href=\"http:\/\/www.esmadrid.com\/barrios-de-madrid\/lavapies\" target=\"_blank\"><strong>Lavapi\u00e9s<\/strong><\/a>, en torno a la <strong>plaza de Cascorro<\/strong>, con su estatua dedicada a Eloy Gonzalo, y la<strong> ribera de Curtidores<\/strong>, cuyo nombre hace referencia a las <strong>tener\u00edas<\/strong> -talleres donde se trabajaban y curt\u00edan las pieles- que proliferaron debido a la proximidad de los diferentes mataderos instalados sucesivamente en la zona desde el <strong>siglo XV<\/strong>. De ah\u00ed la nomenclatura del propio mercado: la palabra rastro hace referencia a los restos de sangre que dejaban en la calle las reses, ya muertas, cuando sal\u00edan del matadero.<\/p>\n<div id=\"attachment_7943\" style=\"width: 633px\" class=\"wp-caption aligncenter\"><img aria-describedby=\"caption-attachment-7943\" loading=\"lazy\" class=\"size-full wp-image-7943\" title=\"Cuadros, pero tambi\u00e9n ropa, libros, objetos de decoraci\u00f3n\u2026 En El Rastro se puede conseguir cualquier cosa.\" src=\"https:\/\/blog.esmadrid.com\/blog\/es\/wp-content\/uploads\/2017\/02\/2rastrof_e_mm_0810_rastro008.jpg\" alt=\"Cuadros, pero tambi\u00e9n ropa, libros, objetos de decoraci\u00f3n\u2026 En El Rastro se puede conseguir cualquier cosa.\" width=\"623\" height=\"356\" srcset=\"https:\/\/blog.esmadrid.com\/blog\/es\/wp-content\/uploads\/2017\/02\/2rastrof_e_mm_0810_rastro008.jpg 623w, https:\/\/blog.esmadrid.com\/blog\/es\/wp-content\/uploads\/2017\/02\/2rastrof_e_mm_0810_rastro008-300x171.jpg 300w\" sizes=\"(max-width: 623px) 100vw, 623px\" \/><p id=\"caption-attachment-7943\" class=\"wp-caption-text\">Cuadros, pero tambi\u00e9n ropa, libros, objetos de decoraci\u00f3n\u2026 En El Rastro se puede conseguir cualquier cosa.<\/p><\/div>\n<p><strong>Correajes, zapato<\/strong>s y productos derivados del sebo, como las velas, fueron los primeros productos que comenzaron a venderse en el barrio, en el que ya, <strong>a finales del siglo XVIII<\/strong>, fueron apareciendo vendedores de productos comestibles, herramientas, trastos de todo tipo e incluso objetos robados. Dec\u00eda Francisco Umbral que el que llega a Madrid solo tiene que hacer dos cosas: organizarse en el Prado y desorganizarse en El Rastro. A nosotros nos gustan las dos opciones, pero, para quienes se quieran apuntar a la segunda, una recomendaci\u00f3n: comprar, s\u00ed, pero tambi\u00e9n acabar la jornada tomando unas ca\u00f1as, o un <strong>verm\u00fa<\/strong>, en cualquiera de los bares y tabernas de La Latina.<\/p>\n<div id=\"attachment_7945\" style=\"width: 633px\" class=\"wp-caption aligncenter\"><img aria-describedby=\"caption-attachment-7945\" loading=\"lazy\" class=\"size-full wp-image-7945\" title=\"En el Mercado del Juguete hay siempre esperando \u00a1cientos de Playmobil! Perfecto para coleccionistas.\" src=\"https:\/\/blog.esmadrid.com\/blog\/es\/wp-content\/uploads\/2017\/02\/15326363_1262148760498316_7730193418218553824_n.jpg\" alt=\"En el Mercado del Juguete hay siempre esperando \u00a1cientos de Playmobil! Perfecto para coleccionistas.\" width=\"623\" height=\"356\" srcset=\"https:\/\/blog.esmadrid.com\/blog\/es\/wp-content\/uploads\/2017\/02\/15326363_1262148760498316_7730193418218553824_n.jpg 623w, https:\/\/blog.esmadrid.com\/blog\/es\/wp-content\/uploads\/2017\/02\/15326363_1262148760498316_7730193418218553824_n-300x171.jpg 300w\" sizes=\"(max-width: 623px) 100vw, 623px\" \/><p id=\"caption-attachment-7945\" class=\"wp-caption-text\">En el Mercado del Juguete hay siempre esperando \u00a1cientos de Playmobil! Perfecto para coleccionistas.<\/p><\/div>\n<p>Aunque es el m\u00e1s antiguo y c\u00e9lebre El Rastro no es el \u00fanico mercado que existe en Madrid. Os dir\u00e9 mi favorito: el\u00a0<a href=\"https:\/\/www.facebook.com\/MercadoJugueteMadrid\/\" target=\"_blank\"><strong>Mercado del Juguete<\/strong><\/a>\u00a0que tiene lugar el primer s\u00e1bado de cada mes en el <a href=\"http:\/\/cclaermita.com\" target=\"_blank\"><strong>Centro Comercial La Ermita<\/strong><\/a>, junto a <a href=\"http:\/\/www.esmadrid.com\/informacion-turistica\/madrid-rio\" target=\"_blank\"><strong>Madrid R\u00edo<\/strong><\/a>, entre las 10:00 y las 14:00 h. Para todos aquellos que fuisteis a la EGB es una gozada, un aut\u00e9ntico <strong>viaje por el t\u00fanel del tiempo<\/strong> donde podr\u00e9is hacer justicia hist\u00f3rica y conseguir ese barco pirata de Playmobil que nunca os trajeron los Reyes Magos o alguna Nancy rubia original. Tranquilos hay m\u00e1s d\u00edas para curiosear entre Legos, Barriguitas, figuras de Star Wars, juegos de mesa y dem\u00e1s: el tercer s\u00e1bado de mes el mismo mercado se traslada al <a href=\"http:\/\/centrocomercialplazadealuche.es\" target=\"_blank\"><strong>Centro Comercial Plaza de Aluche<\/strong><\/a> durante todo el d\u00eda.<\/p>\n<div id=\"attachment_7946\" style=\"width: 633px\" class=\"wp-caption aligncenter\"><img aria-describedby=\"caption-attachment-7946\" loading=\"lazy\" class=\"size-full wp-image-7946\" title=\"El Museo del Ferrocarril acoge cada mes el Mercado de Motores. \u00a1Hay tantas cosas que comprar!\" src=\"https:\/\/blog.esmadrid.com\/blog\/es\/wp-content\/uploads\/2017\/02\/cropped-portada-wordpress.jpg\" alt=\"El Museo del Ferrocarril acoge cada mes el Mercado de Motores. \u00a1Hay tantas cosas que comprar!\" width=\"623\" height=\"356\" srcset=\"https:\/\/blog.esmadrid.com\/blog\/es\/wp-content\/uploads\/2017\/02\/cropped-portada-wordpress.jpg 623w, https:\/\/blog.esmadrid.com\/blog\/es\/wp-content\/uploads\/2017\/02\/cropped-portada-wordpress-300x171.jpg 300w\" sizes=\"(max-width: 623px) 100vw, 623px\" \/><p id=\"caption-attachment-7946\" class=\"wp-caption-text\">El Museo del Ferrocarril acoge cada mes el Mercado de Motores. \u00a1Hay tantas cosas que comprar!<\/p><\/div>\n<p>Tambi\u00e9n el primer s\u00e1bado de mes el <a href=\"http:\/\/www.museodelferrocarril.org\" target=\"_blank\"><strong>Museo del Ferrocarril<\/strong><\/a> acoge un mercadillo parecido, de 10:00 a 20:00 h (precio entrada: 2,50 \u20ac),\u00a0bajo el nombre de\u00a0<a href=\"http:\/\/www.museodelferrocarril.org\/findesemana\/feria_juguetes.asp\" target=\"_blank\"><strong>La Estaci\u00f3n. Feria de Juguetes y C\u00f3mics<\/strong><\/a>. Juguetes de hojalata y de construcci\u00f3n, figuras de acci\u00f3n y mu\u00f1ecas de ayer y hoy comparten protagonismo con \u00e1lbumes de cromos y tebeos de esos que le\u00edamos cuando \u00e9ramos peque\u00f1os. El segundo fin de semana de mes tienes, tambi\u00e9n en el Museo, otra cita m\u00e1s si eres\u00a0<em>shopping-adicto<\/em>: el\u00a0<strong><a href=\"https:\/\/mercadodemotores.es\" target=\"_blank\">Mercado de Motores<\/a>,<\/strong>\u00a0el m\u00e1s\u00a0<em>cool<\/em>\u00a0de Madrid seg\u00fan nos explican sus organizadores. No es para menos. Aqu\u00ed hay sitio para <strong>vendedores profesionales<\/strong> y tambi\u00e9n para <strong>particulares<\/strong>. Los primeros solo pueden ofrecer en sus puestos objetos creativos que no hayan sido producidos en serie (ropa, joyas, objetos de papeler\u00eda y decoraci\u00f3n\u2026), y los segundo solo art\u00edculos de <strong>segunda mano<\/strong>. O lo que es lo mismo: en sus puestos podr\u00e1s encontrar desde bicicletas\u00a0<em>vintage<\/em>\u00a0a letreros luminosos, cuadros, muebles\u2026 Y, de paso, degustar un tentempi\u00e9, algo que siempre se agradece entre compra y compra, y escuchar la mejor<strong> m\u00fasica en directo<\/strong>. \u00bfAlguien se apunta?<\/p>\n<div id=\"attachment_7948\" style=\"width: 633px\" class=\"wp-caption aligncenter\"><img aria-describedby=\"caption-attachment-7948\" loading=\"lazy\" class=\"size-full wp-image-7948\" title=\"Verduras, hortalizas, frutas, quesos artesanos\u2026 En el D\u00eda de Mercado todos los productos son de la Comunidad de M\" src=\"https:\/\/blog.esmadrid.com\/blog\/es\/wp-content\/uploads\/2017\/02\/419347_343115382401361_1288355926_n.jpg\" alt=\"Verduras, hortalizas, frutas, quesos artesanos\u2026 En el D\u00eda de Mercado todos los productos son de la Comunidad de M\" width=\"623\" height=\"356\" srcset=\"https:\/\/blog.esmadrid.com\/blog\/es\/wp-content\/uploads\/2017\/02\/419347_343115382401361_1288355926_n.jpg 623w, https:\/\/blog.esmadrid.com\/blog\/es\/wp-content\/uploads\/2017\/02\/419347_343115382401361_1288355926_n-300x171.jpg 300w\" sizes=\"(max-width: 623px) 100vw, 623px\" \/><p id=\"caption-attachment-7948\" class=\"wp-caption-text\">Verduras, hortalizas, frutas, quesos artesanos\u2026 En el D\u00eda de Mercado todos los productos son de la Comunidad de Madrid.<\/p><\/div>\n<p>Si os gustan, como a m\u00ed, los mercados gastron\u00f3micos, y sobre todo, los <strong>productos de temporada<\/strong>, tampoco pod\u00e9is faltar al<strong>\u00a0<\/strong><strong><a href=\"http:\/\/www.camaraagraria.org\" target=\"_blank\">D\u00eda de Mercado<\/a> <\/strong>que organiza la<strong> C\u00e1mara Agraria\u00a0<\/strong>los primeros s\u00e1bados de mes (de 10:00 a 15:00 h), en el recinto ferial de la\u00a0<strong><a href=\"http:\/\/www.esmadrid.com\/informacion-turistica\/casa-de-campo\" target=\"_blank\">Casa de Campo<\/a><\/strong>. Todo un planazo, porque, adem\u00e1s de comprar verduras y hortalizas de las huertas de localidades como Villa del Prado, Aranjuez o San Mart\u00edn de la Vega, tambi\u00e9n es posible dar un paseo y comer lo que hay\u00e1is comprado en torno al lago. Encontrar\u00e9is de todo y todo bueno: miel y quesos artesanos, vinos de Madrid, carne de Guadarrama, aceites. Cada s\u00e1bado se presenta alguna novedad. Una de las que podr\u00e9is disfrutar el d\u00eda 4 es la que nos trae la empresa Viking Band de Ajalvir, que presenta al gran p\u00fablico su\u00a0<strong>hidromiel<\/strong>. \u00bfY eso qu\u00e9 es? Pues la primera bebida alcoh\u00f3lica fermentada que consumi\u00f3 el ser humano hace a miles a\u00f1os, hecha a base de miel y agua. Una bebida precursora de la cerveza, de sabor dulce, pero no empalagosa, y apta para cel\u00edacos. Hay que probarla.<\/p>\n<div id=\"attachment_7949\" style=\"width: 633px\" class=\"wp-caption aligncenter\"><img aria-describedby=\"caption-attachment-7949\" loading=\"lazy\" class=\"size-full wp-image-7949\" title=\"En MadrEat market puedes pasar un d\u00eda muy divertido comiendo en food trucks.\" src=\"https:\/\/blog.esmadrid.com\/blog\/es\/wp-content\/uploads\/2017\/02\/meat02_0224.jpg\" alt=\"En MadrEat market puedes pasar un d\u00eda muy divertido comiendo en food trucks.\" width=\"623\" height=\"356\" srcset=\"https:\/\/blog.esmadrid.com\/blog\/es\/wp-content\/uploads\/2017\/02\/meat02_0224.jpg 623w, https:\/\/blog.esmadrid.com\/blog\/es\/wp-content\/uploads\/2017\/02\/meat02_0224-300x171.jpg 300w\" sizes=\"(max-width: 623px) 100vw, 623px\" \/><p id=\"caption-attachment-7949\" class=\"wp-caption-text\">En MadrEat market puedes pasar un d\u00eda muy divertido comiendo en food trucks.<\/p><\/div>\n<p>Otro mercado que nos ayuda a aprender buenos h\u00e1bitos alimentarios es\u00a0<a href=\"http:\/\/mercadoproductores.es\" target=\"_blank\"><strong>Madrid Productores<\/strong><\/a>, que tiene lugar en Matadero Madrid el \u00faltimo fin de semana de mes, aunque, atenci\u00f3n, este mes de febrero, la cita es los d\u00edas 18 y 19. Actualmente es el mayor espacio de exposici\u00f3n, venta y degustaci\u00f3n de productos de alimentaci\u00f3n artesanos y ecol\u00f3gicos de la Comunidad de Madrid. \u00bfLo mejor? El \u00e1rea de degustaci\u00f3n y tapeo, ideal a la hora del aperitivo. Muy similar es el\u00a0<strong><a href=\"http:\/\/www.labuenavida.cc\" target=\"_blank\">Mercado de la Buena Vida<\/a>,<\/strong>\u00a0tambi\u00e9n el segundo fin de semana de cada mes, en la c\u00e9ntrica plaza de Santa Ana, y algo un poco m\u00e1s atrevido el\u00a0<a href=\"http:\/\/www.madreat.org\" target=\"_blank\"><strong>MadrEat Market<\/strong><\/a>, en la zona de AZCA, que es tambi\u00e9n un mercado gastron\u00f3mico, pero con <strong><em>food tracks<\/em><\/strong> que ofrecen comida de aqu\u00ed y de all\u00e1, desde tortilla de patata a perritos calientes, pizzas o bocatas de calamares. Suele ser el tercer fin de semana de mes, aunque depende mucho de las inclemencias meteorol\u00f3gicas.<\/p>\n","protected":false},"excerpt":{"rendered":"<p>Mucho antes de que Joaqu\u00edn Sabina acudiera cada domingo a comprar carricoches de miga de pan y soldaditos de lata, El Rastro ya exist\u00eda. Para Ram\u00f3n G\u00f3mez de la Serna era \u201cun sitio ameno y dram\u00e1tico, irrisible y grave\u201d propio de los suburbios de toda ciudad. Para Gald\u00f3s, una \u00abacademia del despojo social\u00bb, por la [&hellip;]<\/p>\n","protected":false},"author":6,"featured_media":7951,"comment_status":"open","ping_status":"open","sticky":false,"template":"","format":"standard","meta":[],"categories":[4,5],"tags":[62,101,85,30,137,136,788],"_links":{"self":[{"href":"https:\/\/blog.esmadrid.com\/blog\/es\/wp-json\/wp\/v2\/posts\/7930"}],"collection":[{"href":"https:\/\/blog.esmadrid.com\/blog\/es\/wp-json\/wp\/v2\/posts"}],"about":[{"href":"https:\/\/blog.esmadrid.com\/blog\/es\/wp-json\/wp\/v2\/types\/post"}],"author":[{"embeddable":true,"href":"https:\/\/blog.esmadrid.com\/blog\/es\/wp-json\/wp\/v2\/users\/6"}],"replies":[{"embeddable":true,"href":"https:\/\/blog.esmadrid.com\/blog\/es\/wp-json\/wp\/v2\/comments?post=7930"}],"version-history":[{"count":21,"href":"https:\/\/blog.esmadrid.com\/blog\/es\/wp-json\/wp\/v2\/posts\/7930\/revisions"}],"predecessor-version":[{"id":7959,"href":"https:\/\/blog.esmadrid.com\/blog\/es\/wp-json\/wp\/v2\/posts\/7930\/revisions\/7959"}],"wp:featuredmedia":[{"embeddable":true,"href":"https:\/\/blog.esmadrid.com\/blog\/es\/wp-json\/wp\/v2\/media\/7951"}],"wp:attachment":[{"href":"https:\/\/blog.esmadrid.com\/blog\/es\/wp-json\/wp\/v2\/media?parent=7930"}],"wp:term":[{"taxonomy":"category","embeddable":true,"href":"https:\/\/blog.esmadrid.com\/blog\/es\/wp-json\/wp\/v2\/categories?post=7930"},{"taxonomy":"post_tag","embeddable":true,"href":"https:\/\/blog.esmadrid.com\/blog\/es\/wp-json\/wp\/v2\/tags?post=7930"}],"curies":[{"name":"wp","href":"https:\/\/api.w.org\/{rel}","templated":true}]}}