{"id":7970,"date":"2017-02-06T13:44:50","date_gmt":"2017-02-06T12:44:50","guid":{"rendered":"http:\/\/blog.esmadrid.com\/blog\/es\/?p=7970"},"modified":"2017-02-06T13:47:05","modified_gmt":"2017-02-06T12:47:05","slug":"el-madrid-de-martirio","status":"publish","type":"post","link":"https:\/\/blog.esmadrid.com\/blog\/es\/2017\/02\/06\/el-madrid-de-martirio\/","title":{"rendered":"El Madrid de Martirio"},"content":{"rendered":"<div id=\"attachment_7973\" style=\"width: 633px\" class=\"wp-caption aligncenter\"><img aria-describedby=\"caption-attachment-7973\" loading=\"lazy\" class=\"size-full wp-image-7973\" title=\"Martirio act\u00faa el 7 de febrero en el Teatro de la Zarzuela\" src=\"https:\/\/blog.esmadrid.com\/blog\/es\/wp-content\/uploads\/2017\/02\/1mbig_360.jpg\" alt=\"Martirio act\u00faa el 7 de febrero en el Teatro de la Zarzuela\" width=\"623\" height=\"356\" srcset=\"https:\/\/blog.esmadrid.com\/blog\/es\/wp-content\/uploads\/2017\/02\/1mbig_360.jpg 623w, https:\/\/blog.esmadrid.com\/blog\/es\/wp-content\/uploads\/2017\/02\/1mbig_360-300x171.jpg 300w\" sizes=\"(max-width: 623px) 100vw, 623px\" \/><p id=\"caption-attachment-7973\" class=\"wp-caption-text\">Martirio act\u00faa el 7 de febrero en el Teatro de la Zarzuela<\/p><\/div>\n<p>Martirio es la viva estampa de loa conciliaci\u00f3n entre dos mundos tan aparentemente separados como <strong>el flamenco, la tonadilla, la canci\u00f3n espa\u00f1ola\u2026 y el rock<\/strong>, la tradici\u00f3n y la modernidad en una Espa\u00f1a que ha visto c\u00f3mo esta onubense limpiaba de telara\u00f1as la tradici\u00f3n musical espa\u00f1ola y la incorporaba a la modernidad. Pues bien, Martirio celebra estos <strong>35 a\u00f1os de carrera<\/strong> el martes <strong>7 de febrer<\/strong>o, en el <a href=\"http:\/\/teatrodelazarzuela.mcu.es\/es\/\" target=\"_blank\"><strong>Teatro de la Zarzuela<\/strong><\/a>. Una gran oportunidad de reencontrarse con esta excepcional cantante y su mundo m\u00e1gico de copla, flamenco, jazz, bolero, tango, m\u00fasica cubana, swing, rock y rancheras.<!--more--><\/p>\n<p><img loading=\"lazy\" class=\"aligncenter size-full wp-image-7974\" title=\"\" src=\"https:\/\/blog.esmadrid.com\/blog\/es\/wp-content\/uploads\/2017\/02\/2mbig_366.jpg\" alt=\"\" width=\"623\" height=\"356\" srcset=\"https:\/\/blog.esmadrid.com\/blog\/es\/wp-content\/uploads\/2017\/02\/2mbig_366.jpg 623w, https:\/\/blog.esmadrid.com\/blog\/es\/wp-content\/uploads\/2017\/02\/2mbig_366-300x171.jpg 300w\" sizes=\"(max-width: 623px) 100vw, 623px\" \/><\/p>\n<p>Tres d\u00e9cadas y media dan para mucho en una carrera musical en Espa\u00f1a. Martirio se siente contenta: \u201cDando gracias por haber desarrollado mi vocaci\u00f3n, por <strong>sentirme y ser tan libre<\/strong> como al principio. Por haber investigado, aprendido y entregado todo mi ser a la m\u00fasica y al arte. Muy feliz de haber conocido pa\u00edses, personas y artistas que me han hecho crecer y por seguir teniendo ilusi\u00f3n, ganas y respeto. Con muchas cosas por hacer todav\u00eda y manteniendo <strong>un lenguaje \u00e9tico y est\u00e9tico con honestidad<\/strong>\u201d. Y todo se lo debe a un concepto muy del pasado siglo y del presente, la <strong>fusi\u00f3n<\/strong>: \u201cCreo que la fusi\u00f3n es una gran parte de la creaci\u00f3n del siglo XXI. Me gustan muchos g\u00e9neros musicales y estudiando la manera de aunar lo que me gusta y lo que tiene sentido y conjuga con <strong>naturalidad<\/strong>, enriqueci\u00e9ndose el g\u00e9nero con otra lectura m\u00e1s, as\u00ed sali\u00f3 y sale lo que hago\u201d. Sin embargo, alto es el precio que pagan los transgresores y atrevidos en el arte: \u201cSin duda el principal precio es el econ\u00f3mico, pero esto no es nada comparado con la libertad de hacer lo que me dicta el coraz\u00f3n y la intuici\u00f3n y no venderme. Al principio pas\u00e9 por duros momentos de incomprensi\u00f3n conservadora, pero a la vez, me surg\u00edan gente que me apoyaba y me daba mucha <strong>fuerza<\/strong>. Como si fuera la voz de muchos\u201d.<\/p>\n<p><iframe src=\"https:\/\/www.youtube.com\/embed\/72lfWTHVgsU?rel=0&amp;controls=0&amp;showinfo=0\" frameborder=\"0\" width=\"640\" height=\"360\"><\/iframe><\/p>\n<p>Martirio no se considera \u201cinventora\u201d de nada: \u201cCreo que la personalidad y el estilo de un artista est\u00e1 marcado por el <strong>repertorio<\/strong> que elije. <strong>Siempre he buscado ser original, no copiar<\/strong>. Buscar. Crear\u201d. Esta b\u00fasqueda le lleva a un p\u00fablico \u201cde todas las edades, gente abierta, capaz de emocionarse, de re\u00edr y de llorar. Que le gusta que una interpretaci\u00f3n les traspase y que busca el arte que moviliza los <strong>sentimientos<\/strong>. Un p\u00fablico siempre cari\u00f1oso y c\u00f3mplice conmigo\u201d.<\/p>\n<p>Las canciones de Martirio, desde su debut con el disco <strong><em>Estoy mala<\/em> <\/strong>de 1986 hasta su su reciente caja recopilatoria con 30 a\u00f1os de canciones, rezuman <strong>poes\u00eda<\/strong> por todos los surcos: \u201cMe encanta la poes\u00eda. Creo que es pan para el alma y te descubre un mundo interior y exterior maravilloso. Te ayuda en la cultura, la imaginaci\u00f3n, el lenguaje, la belleza, la sensibilidad\u2026 <strong>Nunca canto una letra que no tenga altura po\u00e9tic<\/strong>a. Aunque hable de cosas cotidianas, nunca puede ser ramplona. Tiene que tener trasfondo. En abril se reedita un disco que hice en 2011 &#8211;<em><strong>El aire que te rodea<\/strong><\/em>&#8211; de poes\u00eda latinoamericana con el pianista y compositor cubano Jose Mar\u00eda Vitier, y me da mucha alegr\u00eda que vuelva a estar en el mercado. Ah\u00ed musicalizamos a Lorca, Ruben Dar\u00edo, Ernesto Cardenal\u2026 Una selecci\u00f3n imponente de poetas. Un disfrute\u201d. Y tampoco la <strong>reivindicaci\u00f3n de las f\u00e9minas<\/strong> queda fuera de su obra: \u201cPor supuesto defiendo a la mujer, sus derechos, su sensibilidad y su autonom\u00eda. Intento muchas veces ponerme de espejo para que se vean e identifiquen sus propias emociones, necesidades y <strong>valent\u00edas<\/strong>\u201d.<\/p>\n<p><img loading=\"lazy\" class=\"aligncenter size-full wp-image-7975\" title=\"\" src=\"https:\/\/blog.esmadrid.com\/blog\/es\/wp-content\/uploads\/2017\/02\/3_m8a6606.jpg\" alt=\"\" width=\"623\" height=\"356\" srcset=\"https:\/\/blog.esmadrid.com\/blog\/es\/wp-content\/uploads\/2017\/02\/3_m8a6606.jpg 623w, https:\/\/blog.esmadrid.com\/blog\/es\/wp-content\/uploads\/2017\/02\/3_m8a6606-300x171.jpg 300w\" sizes=\"(max-width: 623px) 100vw, 623px\" \/><\/p>\n<p>Aunque nacida en Huelva, <strong>la relaci\u00f3n de Martirio con Madrid es estrecha<\/strong>: \u201cYo soy de Huelva -muy, pero que muy choquera- y all\u00ed tengo muchos cari\u00f1os y familia. He vivido en Sevilla, donde naci\u00f3 Martirio y tengo all\u00ed grandes amigos y colaboradores. Bajo al sur regularmente porque lo necesito, igual que voy a M\u00e1laga, donde tambi\u00e9n tengo muchos lazos. Pero llevo en Madrid 32 a\u00f1os y me encanta estar aqu\u00ed. <strong>Es una ciudad id\u00f3nea para cantarla<\/strong>, recrearla y renovarla\u00bb. Martirio recomienda, eso s\u00ed, m\u00e1s locales de m\u00fasica en vivo: \u201cHay poqu\u00edsimos y son imprescindibles. Cuando yo llegu\u00e9, Malasa\u00f1a era un hervidero de locales con m\u00fasica y teatro. El arte estaba en la calle y la gente se relacionaba con la cultura que daba gloria\u201d. En aquella \u00e9pocas naci\u00f3 una estrecha relaci\u00f3n con el p\u00fablico madrile\u00f1o: \u201cEs <strong>c\u00f3mplice, amigo, cercano, entendido, cari\u00f1oso, deseoso de verdades\u2026<\/strong>\u201d. Recuerda todas sus actuaciones en Madrid: \u201cdesde la primera en la Sala Universal de Doctor Esquerdo en el a\u00f1o 1986 hasta la \u00faltima que hice en el Teatro Circo Price, para celebrar los 30 a\u00f1os con invitados amigos y fue maravilloso. En Madrid siempre han sido conciertos inolvidables\u201d. Momentos en las que siempre hay an\u00e9cdotas rese\u00f1ables: \u201cRecuerdo la primera con los nervios de punta para salir al escenario, pues hab\u00eda mucha expectaci\u00f3n, y yo salgo muy fuerte y se me enredan los flecos del mant\u00f3n de manila en el clavijero de una guitarra el\u00e9ctrica, y no veas qu\u00e9 momento\u2026 Ja, Ja, pero bueno, yo dije: \u201cOs cre\u00edais que esto iba a ser una cosita normal\u2026 \u00a1Esto es un concierto de Martirio!\u201d<\/p>\n<p><iframe src=\"https:\/\/www.youtube.com\/embed\/DUB9NYFcp-8?rel=0&amp;controls=0&amp;showinfo=0\" frameborder=\"0\" width=\"640\" height=\"360\"><\/iframe><\/p>\n<p>En esta ocasi\u00f3n ser\u00e1 el hist\u00f3rico Teatro de la Zarzuela el que acoja a esta creadora. \u00abEs un Teatro con may\u00fasculas, <strong>un lugar dedicado al arte<\/strong>, precioso y con muy buena ac\u00fastica. Un recinto sagrado para m\u00ed, porque ese d\u00eda ser\u00eda el cumplea\u00f1os de mi madre que amaba y cantaba la zarzuela casi como profesional y que fue quien me la dio a conocer. Me voy a estar acordando de ella much\u00edsimo y de c\u00faanto le hubiera gustado verme all\u00ed, cantando junto a su nieto Ra\u00fal tocando\u201d. Con Ra\u00fal y con <strong>sorpresas amigas<\/strong>: \u201cLos inimitables <strong>Arc\u00e1ngel<\/strong>, <strong>Roc\u00edo Molina<\/strong>, <strong>Ni\u00f1o de Elche<\/strong> y <strong>Maui<\/strong>. Primeras figuras de calidad impresionante, artistas innovadores y creadores. Una celebraci\u00f3n en toda regla por el <strong>Premio de las M\u00fasicas Actuales<\/strong> que me han dado y que dedico a los<strong> j\u00f3venes con vocaci\u00f3n art\u00edstica<\/strong>, para decirles que se puede, que luchen y crean en s\u00ed mismos y en su obra, que se preparen y vayan adelante a pesar de todas las dificultades del camino\u00bb.<\/p>\n<p><strong>Este es el Madrid de Martirio:<\/strong><\/p>\n<p>El \u00faltimo restaurante que he descubierto es <a href=\"http:\/\/macarela.es\" target=\"_blank\"><strong>Macarela<\/strong><\/a>, en Montesquinza, con productos de C\u00e1diz. \u00a1Gloria bendita!<\/p>\n<p>Me encantan los teatros de Madrid, desde los cl\u00e1sicos y fant\u00e1sticos como el <a href=\"teatroespanol.es\" target=\"_blank\"><strong>Teatro Espa\u00f1ol<\/strong><\/a> \u00a0y salas alternativas como el <a href=\"www.teatrodelbarrio.com\" target=\"_blank\"><strong>Teatro del Barrio<\/strong><\/a>, donde suelo ir a dar mi conferencia de la copla y siempre hay programaciones y gente guapa.<\/p>\n<p>Me gusta mucho el <strong>Madrid de los Austrias<\/strong> y las calles del <strong>Rastro<\/strong>\u2026 La Cava Baja, Malasa\u00f1a,\u00a0 tantos lugares, esquinas, plazas\u2026<strong> El Retiro<\/strong>, al lado de mi casa, junto al paseo del Prado, plenitud de museos gloriosos\u2026 los mercados de <strong>San Miguel<\/strong>, de la <strong>Paz<\/strong>, de <strong>Maravillas<\/strong>\u2026 <strong>\u00a1La sierra madrile\u00f1a!<\/strong><\/p>\n<p>Me encanta vivir en Madrid y ver desde la <strong>puerta de Alcal\u00e1<\/strong> o desde <strong>Cibeles<\/strong>\u00a0esa <strong>Gran V\u00eda<\/strong> que ya me es tan familiar.<\/p>\n","protected":false},"excerpt":{"rendered":"<p>Martirio es la viva estampa de loa conciliaci\u00f3n entre dos mundos tan aparentemente separados como el flamenco, la tonadilla, la canci\u00f3n espa\u00f1ola\u2026 y el rock, la tradici\u00f3n y la modernidad en una Espa\u00f1a que ha visto c\u00f3mo esta onubense limpiaba de telara\u00f1as la tradici\u00f3n musical espa\u00f1ola y la incorporaba a la modernidad. Pues bien, Martirio [&hellip;]<\/p>\n","protected":false},"author":41,"featured_media":7977,"comment_status":"open","ping_status":"open","sticky":false,"template":"","format":"standard","meta":[],"categories":[5],"tags":[196,215,789],"_links":{"self":[{"href":"https:\/\/blog.esmadrid.com\/blog\/es\/wp-json\/wp\/v2\/posts\/7970"}],"collection":[{"href":"https:\/\/blog.esmadrid.com\/blog\/es\/wp-json\/wp\/v2\/posts"}],"about":[{"href":"https:\/\/blog.esmadrid.com\/blog\/es\/wp-json\/wp\/v2\/types\/post"}],"author":[{"embeddable":true,"href":"https:\/\/blog.esmadrid.com\/blog\/es\/wp-json\/wp\/v2\/users\/41"}],"replies":[{"embeddable":true,"href":"https:\/\/blog.esmadrid.com\/blog\/es\/wp-json\/wp\/v2\/comments?post=7970"}],"version-history":[{"count":6,"href":"https:\/\/blog.esmadrid.com\/blog\/es\/wp-json\/wp\/v2\/posts\/7970\/revisions"}],"predecessor-version":[{"id":7980,"href":"https:\/\/blog.esmadrid.com\/blog\/es\/wp-json\/wp\/v2\/posts\/7970\/revisions\/7980"}],"wp:featuredmedia":[{"embeddable":true,"href":"https:\/\/blog.esmadrid.com\/blog\/es\/wp-json\/wp\/v2\/media\/7977"}],"wp:attachment":[{"href":"https:\/\/blog.esmadrid.com\/blog\/es\/wp-json\/wp\/v2\/media?parent=7970"}],"wp:term":[{"taxonomy":"category","embeddable":true,"href":"https:\/\/blog.esmadrid.com\/blog\/es\/wp-json\/wp\/v2\/categories?post=7970"},{"taxonomy":"post_tag","embeddable":true,"href":"https:\/\/blog.esmadrid.com\/blog\/es\/wp-json\/wp\/v2\/tags?post=7970"}],"curies":[{"name":"wp","href":"https:\/\/api.w.org\/{rel}","templated":true}]}}