{"id":8041,"date":"2017-02-20T14:02:10","date_gmt":"2017-02-20T13:02:10","guid":{"rendered":"https:\/\/blog.esmadrid.com\/blog\/es\/?p=8041"},"modified":"2017-02-20T14:02:31","modified_gmt":"2017-02-20T13:02:31","slug":"el-madrid-de-rebeca-jimenez","status":"publish","type":"post","link":"https:\/\/blog.esmadrid.com\/blog\/es\/2017\/02\/20\/el-madrid-de-rebeca-jimenez\/","title":{"rendered":"El Madrid de Rebeca Jim\u00e9nez"},"content":{"rendered":"<div id=\"attachment_8046\" style=\"width: 633px\" class=\"wp-caption aligncenter\"><img aria-describedby=\"caption-attachment-8046\" loading=\"lazy\" class=\"size-full wp-image-8046\" title=\"Rebeca Jimenez act\u00faa el d\u00eda 23 de febrero en el Teatro Barcel\u00f3.\" src=\"https:\/\/blog.esmadrid.com\/blog\/es\/wp-content\/uploads\/2017\/02\/rebeca-jimenez-_promo-16_0357.jpg\" alt=\"Rebeca Jimenez act\u00faa el d\u00eda 23 de febrero en el Teatro Barcel\u00f3.\" width=\"623\" height=\"356\" srcset=\"https:\/\/blog.esmadrid.com\/blog\/es\/wp-content\/uploads\/2017\/02\/rebeca-jimenez-_promo-16_0357.jpg 623w, https:\/\/blog.esmadrid.com\/blog\/es\/wp-content\/uploads\/2017\/02\/rebeca-jimenez-_promo-16_0357-300x171.jpg 300w\" sizes=\"(max-width: 623px) 100vw, 623px\" \/><p id=\"caption-attachment-8046\" class=\"wp-caption-text\">Rebeca Jimenez act\u00faa el d\u00eda 23 de febrero en el Teatro Barcel\u00f3.<\/p><\/div>\n<p>Rebeca Jim\u00e9nez es el <strong>rock hecho mujer<\/strong>, dotado de una voz apasionada, unas historias que te trepan por la m\u00e9dula y una imagen arrebatadora. Con solo tres discos, Rebeca se ha hecho un importante hueco en el panorama musical espa\u00f1ol. El tercero de ellos,<strong><em> Tormenta y Mezcal<\/em><\/strong>, lo presenta este jueves 23 de febrero en el <a href=\"teatrobarcelo.com\" target=\"_blank\"><strong>Teatro Barcel\u00f3<\/strong><\/a>. Una buena oportunidad de disfrutar de una cantante que ofrece <strong>emociones<\/strong> en estado puro.<!--more--><\/p>\n<p><img loading=\"lazy\" class=\"aligncenter size-full wp-image-8047\" title=\"\" src=\"https:\/\/blog.esmadrid.com\/blog\/es\/wp-content\/uploads\/2017\/02\/portada.jpg\" alt=\"\" width=\"623\" height=\"356\" srcset=\"https:\/\/blog.esmadrid.com\/blog\/es\/wp-content\/uploads\/2017\/02\/portada.jpg 623w, https:\/\/blog.esmadrid.com\/blog\/es\/wp-content\/uploads\/2017\/02\/portada-300x171.jpg 300w\" sizes=\"(max-width: 623px) 100vw, 623px\" \/><\/p>\n<p>Rebeca expresa la sincera admiraci\u00f3n que siente por <strong>M\u00e9xico<\/strong>, pa\u00eds que la ha acogido en una reciente gira y que ha sido cuna y motivo de las canciones de su nuevo disco: \u201cM\u00e9xico me ha dado muchas de las canciones de este disco, me ha dado el t\u00edtulo <em>Tormenta y Mezcal<\/em>, me ha dado <strong>mucha energ\u00eda y mucha ilusi\u00f3n<\/strong>. Adoro este pa\u00eds\u201d. Adem\u00e1s, esta traves\u00eda refuerza el componente <strong>viajero<\/strong> de su personalidad como artista: \u201cS\u00ed, sin duda, porque, si bien en M\u00e9xico nacieron muchas de las canciones, otras las escrib\u00ed en Buenos Aires o, por ejemplo,\u00a0<em>Aventura Americana<\/em> la termin\u00e9 en un viaje a Miami. Creo que la escucha del disco te lleva por<strong> diferentes lugares<\/strong>\u00ab.<\/p>\n<p><iframe src=\"https:\/\/www.youtube.com\/embed\/GL2QPpyJGsw?rel=0&amp;controls=0&amp;showinfo=0\" frameborder=\"0\" width=\"640\" height=\"360\"><\/iframe><\/p>\n<p>Una de las canciones m\u00e1s significativas del \u00e1lbum nos habla sin ambages de una de las referencias clave en la obra de Rebeca: \u201cPara m\u00ed el <strong>amor<\/strong> tiene toda la importancia. No s\u00f3lo en mi m\u00fasica sino en mi vida. Es el motor de todo. <em>Hace falta m\u00e1s amor y necesito amor<\/em> canto en el tema <strong><em>Love<\/em><\/strong>. As\u00ed lo siento y hablo del amor en toda su extensi\u00f3n: de pareja, amigos, familia. Casi todas las canciones en el mundo hablan de amor y la mayor parte de las m\u00edas tambi\u00e9n\u201d. A pesar de que <em>Tormenta y Mezcal<\/em> es un disco de emociones y <strong>vivencias<\/strong> -\u201cDe ambas cosas. Dir\u00edamos que cuento las cosas emocionantes que vivo\u201d-, para la compositora e int\u00e9rprete este disco no refleja todas las aspiraciones art\u00edsticos de Rebeca Jim\u00e9nez: \u201cEsto es un aprendizaje continuo. Espero hacer cada vez mejores canciones y <strong>explorar<\/strong>, musicalmente hablando, quiz\u00e1 otros caminos que pueden estar cerca de la ranchera, que ya he incluido en este disco, o de una onda m\u00e1s latina. <strong>Viajar te abre mucho la cabeza<\/strong>. Ya veremos&#8230;\u201d<\/p>\n<p><img loading=\"lazy\" class=\"aligncenter size-full wp-image-8048\" title=\"\" src=\"https:\/\/blog.esmadrid.com\/blog\/es\/wp-content\/uploads\/2017\/02\/rebeca-jimenez-_promo-16_1117.jpg\" alt=\"\" width=\"623\" height=\"356\" srcset=\"https:\/\/blog.esmadrid.com\/blog\/es\/wp-content\/uploads\/2017\/02\/rebeca-jimenez-_promo-16_1117.jpg 623w, https:\/\/blog.esmadrid.com\/blog\/es\/wp-content\/uploads\/2017\/02\/rebeca-jimenez-_promo-16_1117-300x171.jpg 300w\" sizes=\"(max-width: 623px) 100vw, 623px\" \/><\/p>\n<p>En estos tiempos de incertidumbre, Rebeca concede un doble valor a los discos: \u201cCreo que son una buena carta de presentaci\u00f3n para el artista, porque todo se pone en marcha en torno al disco: la <em>promo<\/em>, la gira\u2026 Es la manera de presentar nuestro trabajo y estando en plataformas digitales puedes llegar a todo el mundo. Pero adem\u00e1s de eso para m\u00ed tienen un<strong> valor art\u00edstico<\/strong>. Me gustan los discos f\u00edsicos, me gusta comprar discos y, por supuesto, el <strong>trabajo de m\u00fasicos<\/strong>, productor, arte y dise\u00f1o del disco tienen todo el valor\u00bb. Rebeca forma de parte de la n\u00f3mina que ha dado la espalda a las discogr\u00e1ficas de toda la vida, para abrazar la independencia. Para ella el balance es positivo: \u201cHa supuesto mucho m\u00e1s trabajo, porque ahora todo pasa por m\u00ed y hasta que no lo haces no te das cuenta de la cantidad de cosas que te facilita una compa\u00f1\u00eda discogr\u00e1fica. Pero ha sido una decisi\u00f3n que he tomado yo y me estoy rodeando de un <strong>equipo fant\u00e1stico<\/strong>, as\u00ed que estoy muy contenta y me hace mucha ilusi\u00f3n tener mi propio sello\u00bb.<\/p>\n<p><iframe src=\"https:\/\/www.youtube.com\/embed\/9sUzAPY5iKo?rel=0&amp;controls=0&amp;showinfo=0\" frameborder=\"0\" width=\"640\" height=\"360\"><\/iframe><\/p>\n<p>Segoviana de cuna, Rebeca siente a <strong>Madrid<\/strong> \u201ccomo mi casa. Es la ciudad en la que m\u00e1s he vivido y sobre todo he pasado aqu\u00ed momentos incre\u00edbles. Ahora e<strong>s el sitio al que siempre quiero volver y<\/strong> donde se puede disfrutar de mucha cosas. A m\u00ed, que <strong>mi m\u00fasica ha crecido en Madrid<\/strong>, s\u00ed me parece que ha sido una ciudad que me haya cuidado\u201d. Para Rebeca el p\u00fablico \u201cha sido muy bueno y respetuoso siempre que he tocado en ac\u00fastico y hay que guardar silencio; y tambi\u00e9n de los m\u00e1s <strong>efusivos<\/strong> en conciertos m\u00e1s grandes en el\u00e9ctrico con la banda. Tienen una respuesta muy buena, aunque creo que Madrid tiene un p\u00fablico muy exigente.\u201d Muchas han sido las actuaciones a recordar de Rebeca en la capital: \u201cEn la sala Galileo podr\u00eda recordar muchas noches pero hay un concierto que hice <em>entre amigos<\/em> cantando con varios de mis amigos m\u00fasicos: Coque Malla, C\u00e9sar Pop, Marazu, Gastelo, Miguel R\u00edos, mi hermana Luc\u00eda&#8230; Fue precioso. Tambi\u00e9n la presentaci\u00f3n de mi primer disco en la <strong>Sala Caracol<\/strong> llena de gente fue emocionante para m\u00ed. No es una an\u00e9cdota pero cantar <em>Santa Luc\u00eda<\/em> con Miguel R\u00edos aquella noche nunca se me olvidar\u00e1\u201d.<\/p>\n<p>Para su pr\u00f3xima actuaci\u00f3n en Madrid el d\u00eda 23 de febrero, Rebeca ha preparado \u201cuna presentaci\u00f3n preciosa, con toda la banda, con metales, cuerdas\u2026 Que el disco nuevo suene como se ha grabado y, sobre todo, tengo muchas ganas de volver a tocar en Madrid. <strong>\u00a1Prometo una gran noche!<\/strong>\u201d<\/p>\n<p><strong>Esta es la ruta madrile\u00f1a de Rebeca Jim\u00e9nez<\/strong><\/p>\n<p>&nbsp;<\/p>\n<div id=\"attachment_8050\" style=\"width: 633px\" class=\"wp-caption aligncenter\"><img aria-describedby=\"caption-attachment-8050\" loading=\"lazy\" class=\"size-full wp-image-8050\" title=\"El Tempranillo\" src=\"https:\/\/blog.esmadrid.com\/blog\/es\/wp-content\/uploads\/2017\/02\/f_i_pg_gd_01082006_tapas_009.jpg\" alt=\"El Tempranillo\" width=\"623\" height=\"356\" srcset=\"https:\/\/blog.esmadrid.com\/blog\/es\/wp-content\/uploads\/2017\/02\/f_i_pg_gd_01082006_tapas_009.jpg 623w, https:\/\/blog.esmadrid.com\/blog\/es\/wp-content\/uploads\/2017\/02\/f_i_pg_gd_01082006_tapas_009-300x171.jpg 300w\" sizes=\"(max-width: 623px) 100vw, 623px\" \/><p id=\"caption-attachment-8050\" class=\"wp-caption-text\">El Tempranillo<\/p><\/div>\n<p><a href=\"https:\/\/www.facebook.com\/pages\/Taberna-El-Tempranillo\/137536646301656\" target=\"_blank\"><strong>El Tempranillo<\/strong><\/a>, en la Cava Baja. Es uno de mis sitios favoritos para tomar un buen vino. El queso, jam\u00f3n y todo lo que pidas est\u00e1 buen\u00edsimo. Llevo yendo muchos a\u00f1os y sus mesas guardan ya muchas historias.<\/p>\n<p><a href=\"https:\/\/www.salagalileogalilei.com\" target=\"_blank\"><strong>Sala Galileo.<\/strong><\/a> Los mejores recuerdos de noches de conciertos m\u00edos y ajenos. Lugar m\u00e1gico que suena muy bien. Todo el personal y su due\u00f1o, \u00c1ngel Viejo, son fant\u00e1sticos. Para m\u00ed es estar en casa.<\/p>\n<p><strong>Calle Ponzano.<\/strong> La primera calle donde viv\u00ed en Madrid, donde estaba la casa de mis abuelos y donde ahora se encuentran los sitios m\u00e1s de moda para ir a tomar ca\u00f1as y descubrir muchas y variadas ofertas gastron\u00f3micas.<\/p>\n<p><a href=\"http:\/\/www.lamonteria.es\" target=\"_blank\"><strong>La Monter\u00eda<\/strong>.<\/a> Uno de mis restaurantes favoritos por el trato, los vinos y la carta y porque yo creo que es el \u00fanico sitio donde pido postre: \u00a1la bomba con chocolate es deliciosa!<\/p>\n<div id=\"attachment_8051\" style=\"width: 633px\" class=\"wp-caption aligncenter\"><img aria-describedby=\"caption-attachment-8051\" loading=\"lazy\" class=\"size-full wp-image-8051\" title=\"Palacio Real\" src=\"https:\/\/blog.esmadrid.com\/blog\/es\/wp-content\/uploads\/2017\/02\/f_i_pg_0207_monumental2_003.jpg\" alt=\"Palacio Real\" width=\"623\" height=\"356\" srcset=\"https:\/\/blog.esmadrid.com\/blog\/es\/wp-content\/uploads\/2017\/02\/f_i_pg_0207_monumental2_003.jpg 623w, https:\/\/blog.esmadrid.com\/blog\/es\/wp-content\/uploads\/2017\/02\/f_i_pg_0207_monumental2_003-300x171.jpg 300w\" sizes=\"(max-width: 623px) 100vw, 623px\" \/><p id=\"caption-attachment-8051\" class=\"wp-caption-text\">Palacio Real<\/p><\/div>\n<p>La zona de las <a href=\"https:\/\/www.esmadrid.com\/informacion-turistica\/jardin-de-las-vistillas\" target=\"_blank\"><strong>Vistillas<\/strong><\/a> y el <a href=\"https:\/\/www.esmadrid.com\/informacion-turistica\/palacio-real\" target=\"_blank\"><strong>Palacio Real<\/strong><\/a> son de mis sitios preferidosos para ver ponerse el sol en Madrid.<\/p>\n","protected":false},"excerpt":{"rendered":"<p>Rebeca Jim\u00e9nez es el rock hecho mujer, dotado de una voz apasionada, unas historias que te trepan por la m\u00e9dula y una imagen arrebatadora. Con solo tres discos, Rebeca se ha hecho un importante hueco en el panorama musical espa\u00f1ol. El tercero de ellos, Tormenta y Mezcal, lo presenta este jueves 23 de febrero en [&hellip;]<\/p>\n","protected":false},"author":41,"featured_media":8044,"comment_status":"open","ping_status":"open","sticky":false,"template":"","format":"standard","meta":[],"categories":[5],"tags":[196,215,794],"_links":{"self":[{"href":"https:\/\/blog.esmadrid.com\/blog\/es\/wp-json\/wp\/v2\/posts\/8041"}],"collection":[{"href":"https:\/\/blog.esmadrid.com\/blog\/es\/wp-json\/wp\/v2\/posts"}],"about":[{"href":"https:\/\/blog.esmadrid.com\/blog\/es\/wp-json\/wp\/v2\/types\/post"}],"author":[{"embeddable":true,"href":"https:\/\/blog.esmadrid.com\/blog\/es\/wp-json\/wp\/v2\/users\/41"}],"replies":[{"embeddable":true,"href":"https:\/\/blog.esmadrid.com\/blog\/es\/wp-json\/wp\/v2\/comments?post=8041"}],"version-history":[{"count":7,"href":"https:\/\/blog.esmadrid.com\/blog\/es\/wp-json\/wp\/v2\/posts\/8041\/revisions"}],"predecessor-version":[{"id":8054,"href":"https:\/\/blog.esmadrid.com\/blog\/es\/wp-json\/wp\/v2\/posts\/8041\/revisions\/8054"}],"wp:featuredmedia":[{"embeddable":true,"href":"https:\/\/blog.esmadrid.com\/blog\/es\/wp-json\/wp\/v2\/media\/8044"}],"wp:attachment":[{"href":"https:\/\/blog.esmadrid.com\/blog\/es\/wp-json\/wp\/v2\/media?parent=8041"}],"wp:term":[{"taxonomy":"category","embeddable":true,"href":"https:\/\/blog.esmadrid.com\/blog\/es\/wp-json\/wp\/v2\/categories?post=8041"},{"taxonomy":"post_tag","embeddable":true,"href":"https:\/\/blog.esmadrid.com\/blog\/es\/wp-json\/wp\/v2\/tags?post=8041"}],"curies":[{"name":"wp","href":"https:\/\/api.w.org\/{rel}","templated":true}]}}