{"id":8179,"date":"2017-03-23T08:59:56","date_gmt":"2017-03-23T07:59:56","guid":{"rendered":"https:\/\/blog.esmadrid.com\/blog\/es\/?p=8179"},"modified":"2017-03-23T14:19:51","modified_gmt":"2017-03-23T13:19:51","slug":"habia-una-vez-un-circo-llamado-price","status":"publish","type":"post","link":"https:\/\/blog.esmadrid.com\/blog\/es\/2017\/03\/23\/habia-una-vez-un-circo-llamado-price\/","title":{"rendered":"Hab\u00eda una vez&#8230; un circo llamado Price"},"content":{"rendered":"<p><a href=\"https:\/\/blog.esmadrid.com\/blog\/es\/?attachment_id=818\"><img loading=\"lazy\" class=\"aligncenter size-full wp-image-8182\" title=\"\" src=\"https:\/\/blog.esmadrid.com\/blog\/es\/wp-content\/uploads\/2017\/03\/80_circo-price_13_.jpg\" alt=\"\" width=\"623\" height=\"356\" srcset=\"https:\/\/blog.esmadrid.com\/blog\/es\/wp-content\/uploads\/2017\/03\/80_circo-price_13_.jpg 623w, https:\/\/blog.esmadrid.com\/blog\/es\/wp-content\/uploads\/2017\/03\/80_circo-price_13_-300x171.jpg 300w\" sizes=\"(max-width: 623px) 100vw, 623px\" \/><\/a><\/p>\n<p>\u00ab\u00a1<em>Se\u00f1oras y se\u00f1ores, damas y caballeros, ni\u00f1os y ni\u00f1as. Bienvenidos al mayor espect\u00e1culo del mundo!<\/em>\u00ab&#8230; Miles, millones de funciones han comenzado alguna vez as\u00ed, con un maestro de ceremonias, micr\u00f3fono en mano, justo en medio de la pista. Aunque fue en las Navidades de 2006 cuando tuvo lugar la primera representaci\u00f3n en el nuevo <a href=\"http:\/\/www.teatrocircoprice.es\/web\/index.php\" target=\"_blank\">Teatro Circo Price<\/a> fue, en realidad, <strong>en marzo de 2007<\/strong> cuando este gran espacio cultural que es hoy abri\u00f3 definitivamente sus puertas. Se cumplen, por tanto, ahora <strong>diez a\u00f1os de la creaci\u00f3n del \u00fanico circo estable de Europa<\/strong>. Pero para conocer su verdadera historia quiz\u00e1s haya que trasladarse con la imaginaci\u00f3n un poco m\u00e1s lejos, hasta el a\u00f1o 1858 para ser exactos. \u00bfQuer\u00e9is pasear conmigo por el Madrid de entonces? <strong>\u00a1Pasen y vean!<!--more--><\/strong><\/p>\n<p><img loading=\"lazy\" class=\"aligncenter size-full wp-image-8183\" title=\"\" src=\"https:\/\/blog.esmadrid.com\/blog\/es\/wp-content\/uploads\/2017\/03\/80_circo-price_14_.jpg\" alt=\"\" width=\"623\" height=\"356\" srcset=\"https:\/\/blog.esmadrid.com\/blog\/es\/wp-content\/uploads\/2017\/03\/80_circo-price_14_.jpg 623w, https:\/\/blog.esmadrid.com\/blog\/es\/wp-content\/uploads\/2017\/03\/80_circo-price_14_-300x171.jpg 300w\" sizes=\"(max-width: 623px) 100vw, 623px\" \/><\/p>\n<p>Pues s\u00ed, fue en esa fecha cuando un tal <strong>Thomas Price<\/strong>, un domador de caballos irland\u00e9s, perteneciente a una antigua estirpe de acr\u00f3batas, los Price Brothers, decidi\u00f3 instalarse en la ciudad tras el \u00e9xito cosechado en un barrac\u00f3n donde actuaban diferentes compa\u00f1\u00edas muy cerca de la plaza de toros de la Puerta de Alcal\u00e1. Diez a\u00f1os m\u00e1s tarde, en 1868, ya hab\u00eda fundado su propio circo, el Price, claro, todo en <strong>madera<\/strong>, en un terreno que antes hab\u00eda sido un jard\u00edn <strong>en pleno paseo de Recoletos<\/strong>, esquina, m\u00e1s o menos, con la calle de B\u00e1rbara de Braganza.<\/p>\n<p><img loading=\"lazy\" class=\"aligncenter size-full wp-image-8198\" title=\"\" src=\"https:\/\/blog.esmadrid.com\/blog\/es\/wp-content\/uploads\/2017\/03\/price_plazadelrey_fachada.jpg\" alt=\"\" width=\"623\" height=\"356\" srcset=\"https:\/\/blog.esmadrid.com\/blog\/es\/wp-content\/uploads\/2017\/03\/price_plazadelrey_fachada.jpg 623w, https:\/\/blog.esmadrid.com\/blog\/es\/wp-content\/uploads\/2017\/03\/price_plazadelrey_fachada-300x171.jpg 300w\" sizes=\"(max-width: 623px) 100vw, 623px\" \/><\/p>\n<p>En aquellos a\u00f1os la poblaci\u00f3n de Madrid crec\u00eda a pasos agigantados y demandaba cada vez m\u00e1s oferta de ocio: la ciudad lleg\u00f3 a contar con m\u00e1s de diez escenarios donde todas las noches hab\u00eda funci\u00f3n. Funcion\u00f3 tan bien que en 1880 quedaba inaugurado el segundo Circo Price, esta vez de la mano de William Parish, yerno del fundador, ya fallecido. \u00bfY d\u00f3nde estaba? Pues en la<strong> plaza del Rey<\/strong>, justo en el jard\u00edn de ese precioso edificio que es la <strong>Casa de las Siete Chimeneas<\/strong>.<\/p>\n<p><img loading=\"lazy\" class=\"aligncenter size-full wp-image-8199\" title=\"\" src=\"https:\/\/blog.esmadrid.com\/blog\/es\/wp-content\/uploads\/2017\/03\/price_plazadelrey_web.jpg\" alt=\"\" width=\"623\" height=\"356\" srcset=\"https:\/\/blog.esmadrid.com\/blog\/es\/wp-content\/uploads\/2017\/03\/price_plazadelrey_web.jpg 623w, https:\/\/blog.esmadrid.com\/blog\/es\/wp-content\/uploads\/2017\/03\/price_plazadelrey_web-300x171.jpg 300w\" sizes=\"(max-width: 623px) 100vw, 623px\" \/><\/p>\n<p>Fue el local de moda en la ciudad, no solo por los espect\u00e1culos circenses, en los que brillaron, por ejemplo, la m\u00edtica trapecista <strong>Pinito del Oro<\/strong> y el clown por excelencia, <strong>Charlie Rivel<\/strong>. Tambi\u00e9n el Price destac\u00f3 por las representaciones de <strong>zarzuela y revista<\/strong>, <strong>veladas de lucha libre, de boxeo<\/strong>\u2026 y por sus\u00a0<strong>conciertos<\/strong>. \u00bfSab\u00edais que Miguel R\u00edos, cuando a\u00fan se llamaba Mike, debut\u00f3 en las legendarias<strong> matinales del Price<\/strong>, que ten\u00edan lugar los s\u00e1bados por la ma\u00f1ana? Todo eso pas\u00f3 hasta el 12 abril de 1970, fecha de la \u00faltima funci\u00f3n del Price. En el acceso a la sala principal, y en horario de funci\u00f3n, pod\u00e9is disfrutar de una <strong>exposici\u00f3n permanente de fotograf\u00edas<\/strong> (la colecci\u00f3n Villar) que permiten revivir aquella \u00e9poca dorada del Price.<\/p>\n<div id=\"attachment_8201\" style=\"width: 633px\" class=\"wp-caption aligncenter\"><img aria-describedby=\"caption-attachment-8201\" loading=\"lazy\" class=\"size-full wp-image-8201\" title=\"Pinito del Oro y Miss Mara\" src=\"https:\/\/blog.esmadrid.com\/blog\/es\/wp-content\/uploads\/2017\/03\/thumbnail_pinito.jpg\" alt=\"Pinito del Oro y Miss Mara\" width=\"623\" height=\"356\" srcset=\"https:\/\/blog.esmadrid.com\/blog\/es\/wp-content\/uploads\/2017\/03\/thumbnail_pinito.jpg 623w, https:\/\/blog.esmadrid.com\/blog\/es\/wp-content\/uploads\/2017\/03\/thumbnail_pinito-300x171.jpg 300w\" sizes=\"(max-width: 623px) 100vw, 623px\" \/><p id=\"caption-attachment-8201\" class=\"wp-caption-text\">Pinito del Oro y Miss Mara<\/p><\/div>\n<p>\u00bfHemos dicho \u00faltima? Mejor, pen\u00faltima\u2026 En 1999 el Ayuntamiento de Madrid ya so\u00f1aba con volver a dar vida al Price, y, en realidad, a todo su entorno, <strong>revitalizar la zona de Lavapi\u00e9s<\/strong> y proteger el <strong>patrimonio arquitect\u00f3nico<\/strong> de la Ronda de Atocha. Y es que el Circo Price del siglo XXI encuentra acomodo en una <strong>antigua f\u00e1brica de galletas<\/strong> (Pacisa) rehabilitada y transformada seg\u00fan el proyecto del arquitecto <strong>Mariano Bay\u00f3n<\/strong>. El edificio combina elementos originales del pasado industrial del edificio de estilo neomud\u00e9jar con estructuras modernas, como la cubierta de tambor que es un muro circular de cristal.<\/p>\n<p><img loading=\"lazy\" class=\"aligncenter size-full wp-image-8202\" title=\"\" src=\"https:\/\/blog.esmadrid.com\/blog\/es\/wp-content\/uploads\/2017\/03\/80_circo-price_33_1.jpg\" alt=\"\" width=\"623\" height=\"356\" srcset=\"https:\/\/blog.esmadrid.com\/blog\/es\/wp-content\/uploads\/2017\/03\/80_circo-price_33_1.jpg 623w, https:\/\/blog.esmadrid.com\/blog\/es\/wp-content\/uploads\/2017\/03\/80_circo-price_33_1-300x171.jpg 300w\" sizes=\"(max-width: 623px) 100vw, 623px\" \/><\/p>\n<p>Os animo a que mir\u00e9is la <strong>agenda<\/strong> del Teatro Circo Price para esta primavera, repleta de espect\u00e1culos realmente emocionantes. Por su pista central es frecuente ver a <strong>compa\u00f1\u00edas internacionales<\/strong> de prestigio, que llevan el circo de vanguardia por bandera. Y para los m\u00e1s peque\u00f1os\u2026 \u00a1estad atentos! A lo largo del a\u00f1o el Price organiza<strong> cursos y talleres<\/strong>\u00a0para aprender a volar sobre un trapecio, manejar con gracia los malabares o pasearse por el cable de equilibrio como un aut\u00e9ntico funambulista.<\/p>\n<div id=\"attachment_8204\" style=\"width: 633px\" class=\"wp-caption aligncenter\"><img aria-describedby=\"caption-attachment-8204\" loading=\"lazy\" class=\"size-full wp-image-8204\" title=\"La compa\u00f1\u00eda canadiense Machine the Cirque act\u00faa en el Price del 6 al 9 de abril.\" src=\"https:\/\/blog.esmadrid.com\/blog\/es\/wp-content\/uploads\/2017\/03\/machine-de-cirque-loup-william-thberge_9_bd.jpg\" alt=\"La compa\u00f1\u00eda canadiense Machine the Cirque act\u00faa en el Price del 6 al 9 de abril.\" width=\"623\" height=\"356\" srcset=\"https:\/\/blog.esmadrid.com\/blog\/es\/wp-content\/uploads\/2017\/03\/machine-de-cirque-loup-william-thberge_9_bd.jpg 623w, https:\/\/blog.esmadrid.com\/blog\/es\/wp-content\/uploads\/2017\/03\/machine-de-cirque-loup-william-thberge_9_bd-300x171.jpg 300w\" sizes=\"(max-width: 623px) 100vw, 623px\" \/><p id=\"caption-attachment-8204\" class=\"wp-caption-text\">La compa\u00f1\u00eda canadiense Machine the Cirque act\u00faa en el Price del 6 al 9 de abril.<\/p><\/div>\n<p>Pero a\u00fan hay m\u00e1s: entre bambalinas se est\u00e1 preparando todo un acontecimiento. La restauraci\u00f3n y puesta en marcha de un viejo<strong> teatro de aut\u00f3matas<\/strong>, que ser\u00e1, en cuanto est\u00e9 listo, el \u00fanico activo del mundo. Data de los a\u00f1os 30 del siglo XX y est\u00e1 compuesto por 35 figuras de madera policromada que, en sus tiempos, recorrieron toda Espa\u00f1a\u2026 El circo es, definitivamente, pura magia.<\/p>\n<div id=\"attachment_8191\" style=\"width: 633px\" class=\"wp-caption aligncenter\"><img aria-describedby=\"caption-attachment-8191\" loading=\"lazy\" class=\"size-full wp-image-8191\" title=\"Teatro de Aut\u00f3matas\" src=\"https:\/\/blog.esmadrid.com\/blog\/es\/wp-content\/uploads\/2017\/03\/00a4840.jpg\" alt=\"Teatro de Aut\u00f3matas\" width=\"623\" height=\"356\" srcset=\"https:\/\/blog.esmadrid.com\/blog\/es\/wp-content\/uploads\/2017\/03\/00a4840.jpg 623w, https:\/\/blog.esmadrid.com\/blog\/es\/wp-content\/uploads\/2017\/03\/00a4840-300x171.jpg 300w\" sizes=\"(max-width: 623px) 100vw, 623px\" \/><p id=\"caption-attachment-8191\" class=\"wp-caption-text\">Teatro de Aut\u00f3matas<\/p><\/div>\n","protected":false},"excerpt":{"rendered":"<p>\u00ab\u00a1Se\u00f1oras y se\u00f1ores, damas y caballeros, ni\u00f1os y ni\u00f1as. Bienvenidos al mayor espect\u00e1culo del mundo!\u00ab&#8230; Miles, millones de funciones han comenzado alguna vez as\u00ed, con un maestro de ceremonias, micr\u00f3fono en mano, justo en medio de la pista. Aunque fue en las Navidades de 2006 cuando tuvo lugar la primera representaci\u00f3n en el nuevo Teatro [&hellip;]<\/p>\n","protected":false},"author":6,"featured_media":8187,"comment_status":"open","ping_status":"open","sticky":false,"template":"","format":"standard","meta":[],"categories":[5,6],"tags":[797,36,220],"_links":{"self":[{"href":"https:\/\/blog.esmadrid.com\/blog\/es\/wp-json\/wp\/v2\/posts\/8179"}],"collection":[{"href":"https:\/\/blog.esmadrid.com\/blog\/es\/wp-json\/wp\/v2\/posts"}],"about":[{"href":"https:\/\/blog.esmadrid.com\/blog\/es\/wp-json\/wp\/v2\/types\/post"}],"author":[{"embeddable":true,"href":"https:\/\/blog.esmadrid.com\/blog\/es\/wp-json\/wp\/v2\/users\/6"}],"replies":[{"embeddable":true,"href":"https:\/\/blog.esmadrid.com\/blog\/es\/wp-json\/wp\/v2\/comments?post=8179"}],"version-history":[{"count":14,"href":"https:\/\/blog.esmadrid.com\/blog\/es\/wp-json\/wp\/v2\/posts\/8179\/revisions"}],"predecessor-version":[{"id":8206,"href":"https:\/\/blog.esmadrid.com\/blog\/es\/wp-json\/wp\/v2\/posts\/8179\/revisions\/8206"}],"wp:featuredmedia":[{"embeddable":true,"href":"https:\/\/blog.esmadrid.com\/blog\/es\/wp-json\/wp\/v2\/media\/8187"}],"wp:attachment":[{"href":"https:\/\/blog.esmadrid.com\/blog\/es\/wp-json\/wp\/v2\/media?parent=8179"}],"wp:term":[{"taxonomy":"category","embeddable":true,"href":"https:\/\/blog.esmadrid.com\/blog\/es\/wp-json\/wp\/v2\/categories?post=8179"},{"taxonomy":"post_tag","embeddable":true,"href":"https:\/\/blog.esmadrid.com\/blog\/es\/wp-json\/wp\/v2\/tags?post=8179"}],"curies":[{"name":"wp","href":"https:\/\/api.w.org\/{rel}","templated":true}]}}